{"id":117401,"date":"2022-01-21T14:16:19","date_gmt":"2022-01-21T22:16:19","guid":{"rendered":"https:\/\/destinationindigenous.ca\/?p=117401"},"modified":"2022-03-23T11:07:00","modified_gmt":"2022-03-23T18:07:00","slug":"traditions-partagees-et-une-riche-histoire","status":"publish","type":"post","link":"https:\/\/destinationindigenous.ca\/fr\/blog\/traditions-partagees-et-une-riche-histoire\/","title":{"rendered":"Traditions partag\u00e9es et une riche histoire"},"content":{"rendered":"<p class=\"p1\">Pour les communaut\u00e9s autochtones partout au Canada, le partage du savoir ancestral et la tradition orale sont des \u00e9l\u00e9ments vitaux pour pr\u00e9server et passer la culture, la langue et la philosophie de vie aux g\u00e9n\u00e9rations \u00e0 venir. Que ce soit les l\u00e9gendes de la cr\u00e9ation du monde, les savoirs m\u00e9dicinaux ou les exp\u00e9riences de vie, le transfert de connaissance s\u2019est toujours fait par la tradition orale et non par l\u2019\u00e9crit.<span class=\"Apple-converted-space\">\u00a0<\/span><\/p>\n<p class=\"p1\">Au sein des communaut\u00e9s autochtones, ce sont les A\u00een\u00e9s qui sont les gardiens des traditions, l\u00e9gendes et savoirs ancestraux. De nos jours, il existe des centres culturels \u00e0 travers le pays qui innovent pour assurer que ce savoir traditionnel soit pr\u00e9serv\u00e9 et devienne accessible \u00e0 tous.<\/p>\n<p class=\"p1\">Ces centres culturels et mus\u00e9es proposent des exp\u00e9riences multisensorielles, en immersion, afin de mieux comprendre ces cultures bien vivantes, vibrantes et contemporaines et leur perspective unique en lien avec la nature.<\/p>\n<p class=\"p1\"><b>Le site traditionnel huron Onho\u00fca Chetek8e <\/b>offre une immersion au sein de la vie traditionnelle des Hurons-Wendat au moyen de visites guid\u00e9es \u00e0 pied et en canot. Vous apprendrez comment le cuir de chevreuil est utilis\u00e9 pour faire une roue de m\u00e9decine. Vous deviendrez incollable sur l\u2019organisation sociale du peuple huron-wendat avant la colonisation. Pour clore cette aventure en beaut\u00e9, rien de tel qu\u2019une danse de l\u2019amiti\u00e9.<span class=\"Apple-converted-space\">\u00a0<\/span><\/p>\n<p class=\"p1\"><b>La Maison de la Culture Innu<\/b>, qui se trouve aussi dans la province qu\u00e9b\u00e9coise, propose une exp\u00e9rience similaire pour en savoir plus sur les Innus d\u2019Ekuanitshit et leur territoire traditionnel incluant une vue magnifique sur l\u2019Archipel de Mingan. Vous en apprendrez plus sur la culture et la langue innu-aimun sur les lieux m\u00eame o\u00f9 les Innus venaient passer l\u2019\u00e9t\u00e9. Les gardiens du savoir partageront avec vous leurs savoirs artisanaux et m\u00e9dicinaux.<span class=\"Apple-converted-space\">\u00a0 \u00a0<\/span><\/p>\n<p class=\"p1\"><b>La Maison Am\u00e9rindienne<\/b> \u00e0 Mont-Saint-Hilaire propose une exp\u00e9rience multisensorielle qui allie la cuisine traditionnelle \u00e0 la nature et \u00e0 l\u2019aspect mus\u00e9al. D\u00e9couvrez les Premi\u00e8res Nations \u00e0 travers les produits de l\u2019\u00e9rable et des mets tels que le cassoulet de canard cuit \u00e0 feu doux dans sa graisse avec des f\u00e8ves dans des pots de terre. Les expositions temporaires arrivent \u00e0 chaque ann\u00e9e pour accompagner les expositions permanentes telles que \u00ab De l&rsquo;eau&#8230; \u00e0 la bouche \u00bb. Cette exposition permanente explore l\u2019utilisation de la s\u00e8ve, l\u2019origine du sirop d\u2019\u00e9rable et son usage bien avant l\u2019arriv\u00e9e des Europ\u00e9ens.<\/p>\n<p class=\"p1\">La <b>Fondation culturelle ojibw\u00e9e<\/b> a \u00e9t\u00e9 cr\u00e9\u00e9e afin de pr\u00e9server et de revitaliser la langue, la culture, les arts, la spiritualit\u00e9 et les traditions du peuple anishinaabe de Mnidoo Mnising (l\u2019\u00cele Manitoulin). Situ\u00e9e dans un complexe de 11 000 pieds carr\u00e9s, la fondation partage un espace qui compte aussi un mus\u00e9e, une galerie d\u2019art, une tente de sudation, des ressources linguistiques et culturelles et la premi\u00e8re radio anishinaabe \u2013 Gimaa Radio. Tout le monde est le bienvenu.<span class=\"Apple-converted-space\">\u00a0<\/span><\/p>\n<p class=\"p1\"><img loading=\"lazy\" decoding=\"async\" class=\"alignnone size-medium wp-image-117646\" src=\"https:\/\/destinationindigenous.ca\/wp-content\/uploads\/2022\/01\/Expo-temporaire-3-large-1-300x200.jpg\" alt=\"\" width=\"300\" height=\"200\" srcset=\"https:\/\/destinationindigenous.ca\/wp-content\/uploads\/2022\/01\/Expo-temporaire-3-large-1-300x200.jpg 300w, https:\/\/destinationindigenous.ca\/wp-content\/uploads\/2022\/01\/Expo-temporaire-3-large-1-1024x683.jpg 1024w, https:\/\/destinationindigenous.ca\/wp-content\/uploads\/2022\/01\/Expo-temporaire-3-large-1-768x512.jpg 768w, https:\/\/destinationindigenous.ca\/wp-content\/uploads\/2022\/01\/Expo-temporaire-3-large-1-1536x1024.jpg 1536w, https:\/\/destinationindigenous.ca\/wp-content\/uploads\/2022\/01\/Expo-temporaire-3-large-1.jpg 1920w\" sizes=\"auto, (max-width: 300px) 100vw, 300px\" \/><\/p>\n<p class=\"p1\">Le <b>Kwanlin Dun Cultural Centre <\/b>\u00e0 Whitehorse dans le Yukon a \u00e9t\u00e9 construit en 2012 en l\u2019honneur des sentiers traditionnels de Chu N\u00edikw\u00e4n (maintenant la rivi\u00e8re Yukon) qui furent drastiquement alt\u00e9r\u00e9s par la ru\u00e9e vers l\u2019or du Klondike vers la fin du 19eme si\u00e8cle. Aujourd\u2019hui un des centres de convention phares du Yukon,le b\u00e2timent h\u00e9berge une biblioth\u00e8que publique et plusieurs art\u00e9facts culturels. Il y a aussi la possibilit\u00e9 de rencontrer les artistes en r\u00e9sidence qui s\u00e9journent au centre en \u00e9t\u00e9 et prennent part aux ateliers \u00ab <i>Moosehide to Moccasins<\/i> \u00bb.<\/p>\n<p class=\"p1\">La <b>Carcross\/Tagish Management Corporation<\/b> se trouve aussi \u00e0 Whitehorse. Vous pourrez y visiter le Haa Shag\u00f3on H\u00eddi Learning Centre (maison d\u00e9di\u00e9e aux anc\u00eatres). A l\u2019entr\u00e9e, huit grands totems accueillent les visiteurs dans un environnement truff\u00e9 d\u2019art. Le temps d\u2019un caf\u00e9, et vous serez de retour dehors pour une visite guid\u00e9e interpr\u00e9tative le long du lac Nares. Si vous avez le go\u00fbt de l\u2019aventure, les sentiers de randonn\u00e9es et de v\u00e9los de montagne vous m\u00e8neront dans le c\u0153ur des terres sous le regard impassible des glaciers.<span class=\"Apple-converted-space\">\u00a0<\/span><\/p>\n<p class=\"p1\">Sur le territoire micmac au Qu\u00e9bec, une exp\u00e9rience d\u2019immersion culturelle est possible au site d&rsquo;interpr\u00e9tation Micmac de Gespeg. Le site est nich\u00e9 sur la c\u00f4te nord de la baie de Gasp\u00e9 qui est enlac\u00e9e de for\u00eats et montagnes. Les visites guid\u00e9es explorent ce paysage tout en remontant l\u2019histoire du peuple de la mer, les Micmacs. Des expositions permanentes montrent les habits traditionnels, les outils de p\u00eache et la correspondance des premiers missionnaires et explorateurs.<span class=\"Apple-converted-space\">\u00a0<\/span><\/p>\n<p class=\"p1\">Les archives du <b>Mus\u00e9e am\u00e9rindien de Mashteuiatsh <\/b>couvrent et pr\u00e9servent des larges pans de la culture des Pekuakamiulnuatsh. Venez explorer le pass\u00e9 des Innus qui fut jadis un peuple nomade sur ces terres et mers. D\u00e9couvrez les expositions temporaires et l\u2019installation permanente \u00ab L\u2019esprit des Pekiakamiulnu \u00bb et les sentiers en nature pour en savoir plus sur l\u2019alimentation et la m\u00e9decine au c\u0153ur de la for\u00eat bor\u00e9ale.<span class=\"Apple-converted-space\">\u00a0<\/span><\/p>\n<p class=\"p1\">Le <b>centre culturel Lennox Island Mi&rsquo;kmaq<\/b> sur l\u2019\u00eele du Prince-\u00c9douard vous invite \u00e0 explorer la beaut\u00e9 des terres dont les Micmacs sont les gardiens depuis 10 000 ans. Le sentier \u00ab<i> Path of our Forefathers <\/i>\u00bb est une marche \u00e0 travers le temps pour mieux comprendre les anc\u00eatres des Micmacs. Vous apprendrez aussi \u00e0 faire du pain bannique et \u00e0 pr\u00e9parer des palourdes dans le sable de la plage de Lennox Island. Les activit\u00e9s culturelles ne manquent pas : contes et l\u00e9gendes, fabrication de tambour et de hochet, voire m\u00eame travailler avec l\u2019\u00e9corce de bouleau et les aiguillons de porc-\u00e9pic.<\/p>\n<p><img loading=\"lazy\" decoding=\"async\" class=\"alignnone size-medium wp-image-117645\" src=\"https:\/\/destinationindigenous.ca\/wp-content\/uploads\/2022\/01\/blackfoot-crossing-CREDIT-TRAVEL-ALBERTA1-large-1-300x200.jpg\" alt=\"\" width=\"300\" height=\"200\" srcset=\"https:\/\/destinationindigenous.ca\/wp-content\/uploads\/2022\/01\/blackfoot-crossing-CREDIT-TRAVEL-ALBERTA1-large-1-300x200.jpg 300w, https:\/\/destinationindigenous.ca\/wp-content\/uploads\/2022\/01\/blackfoot-crossing-CREDIT-TRAVEL-ALBERTA1-large-1-1024x683.jpg 1024w, https:\/\/destinationindigenous.ca\/wp-content\/uploads\/2022\/01\/blackfoot-crossing-CREDIT-TRAVEL-ALBERTA1-large-1-768x512.jpg 768w, https:\/\/destinationindigenous.ca\/wp-content\/uploads\/2022\/01\/blackfoot-crossing-CREDIT-TRAVEL-ALBERTA1-large-1-1536x1024.jpg 1536w, https:\/\/destinationindigenous.ca\/wp-content\/uploads\/2022\/01\/blackfoot-crossing-CREDIT-TRAVEL-ALBERTA1-large-1.jpg 1920w\" sizes=\"auto, (max-width: 300px) 100vw, 300px\" \/><\/p>\n<p class=\"p1\">Le <b>Mus\u00e9e des Ab\u00e9nakis <\/b>\u00e0 Odanak regroupe 26 000 art\u00e9facts autochtones et de l\u2019art c\u00e9l\u00e9brant la culture des Ab\u00e9nakis, un des sept communaut\u00e9s de langue algonquine au Qu\u00e9bec. La collection compte de la vannerie avec les fameux K8wis ou motif d\u2019\u00e9pine, des gravures et des ustensiles traditionnels. L\u2019exposition permanente \u00ab W\u00f4banaki : peuple du soleil levant\u00a0\u00bb vous invite \u00e0 d\u00e9couvrir l\u2019univers culturel et spirituel de la Premi\u00e8re Nation des Ab\u00e9nakis au gr\u00e9 des saisons et des cycles lunaires.<\/p>\n<p class=\"p1\">La statue de 40 pieds de Glooscap vous accueillera au <b>Millbrook Cultural &amp; Heritage Centre,<\/b> en Nouvelle-\u00c9cosse. Ici, vous plongerez dans la culture micmaque et le lien de ce peuple avec la baie de Fundy. Vous manipulerez des fourrures, des aiguillons de porc-\u00e9pique, du foin d&rsquo;odeur et des instruments traditionnels. Vos guides autochtones vous aideront \u00e0 mieux comprendre la beaut\u00e9 et les valeurs de ce peuple, et les impacts de la colonisation europ\u00e9enne.<\/p>\n<p class=\"p1\">Au sud de l\u2019Alberta, \u00e0 <b>Blackfoot Crossing,<\/b> l\u00e0 o\u00f9 le trait\u00e9 no. 7 a \u00e9t\u00e9 sign\u00e9,<b> <\/b>vous foulerez le m\u00eame sol que 10 000 guerriers pieds-noirs dans un lointain pass\u00e9. Ce parc historique met en avant l\u2019interactivit\u00e9 pour une immersion dans l\u2019histoire et les traditions du peuple des Pieds-Noirs et de la Nation Siksika. Les A\u00een\u00e9s partageront les histoires du pass\u00e9 lors d\u2019un moment privil\u00e9gi\u00e9. Le Tipi Village du Chef Crowfoot grouille d\u2019activit\u00e9s : le tannage de cuir, les rites de fum\u00e9e, les danses, le tipi et le partage des savoirs.<span class=\"Apple-converted-space\">\u00a0<\/span><\/p>\n<p class=\"p1\">Le <b>Mus\u00e9e huron-wendat<\/b>, \u00e0 Qu\u00e9bec, est une institution qui conserve et met en valeur brillamment la culture huronne-wendat. Le mus\u00e9e a ouvert ses portes en 2008 et les agents culturels de la communaut\u00e9 ont aid\u00e9 \u00e0 pr\u00e9server et \u00e0 b\u00e2tir la collection d\u2019art\u00e9facts qui font la fiert\u00e9 de ce lieu aujourd\u2019hui. Aux archives du mus\u00e9e, s\u2019ajoute un restaurant dont les mets sont fortement inspir\u00e9s des cultures autochtones, un h\u00f4tel quatre \u00e9toiles o\u00f9 le style des Premi\u00e8res Nations est omnipr\u00e9sent, une boutique d\u2019art et d\u2019artisanat autochtone et le Nation Sant\u00e9 Spa aux abords de la rivi\u00e8re Akiawenrahk&rsquo;.<span class=\"Apple-converted-space\">\u00a0<\/span><\/p>\n","protected":false},"excerpt":{"rendered":"<p>Pour les communaut\u00e9s autochtones partout au Canada, le partage du savoir ancestral et la tradition orale sont des \u00e9l\u00e9ments vitaux [&hellip;]<\/p>\n","protected":false},"author":39,"featured_media":117644,"comment_status":"open","ping_status":"open","sticky":false,"template":"","format":"standard","meta":[],"categories":[4],"tags":[],"class_list":["post-117401","post","type-post","status-publish","format-standard","has-post-thumbnail","hentry","category-non-classifiee"],"yoast_head":"<!-- This site is optimized with the Yoast SEO Premium plugin v24.2 (Yoast SEO v24.2) - https:\/\/yoast.com\/wordpress\/plugins\/seo\/ -->\n<title>Traditions partag\u00e9es et une riche histoire - Destination Indigenous<\/title>\n<meta name=\"description\" content=\"Pour les communaut\u00e9s autochtones partout au Canada, le partage du savoir ancestral et la tradition orale sont des \u00e9l\u00e9ments vitaux pour pr\u00e9server et passer\" \/>\n<meta name=\"robots\" content=\"index, follow, max-snippet:-1, max-image-preview:large, max-video-preview:-1\" \/>\n<link rel=\"canonical\" href=\"https:\/\/destinationindigenous.ca\/fr\/blog\/traditions-partagees-et-une-riche-histoire\/\" \/>\n<meta property=\"og:locale\" content=\"fr_FR\" \/>\n<meta property=\"og:type\" content=\"article\" \/>\n<meta property=\"og:title\" content=\"Traditions partag\u00e9es et une riche histoire\" \/>\n<meta property=\"og:description\" content=\"Pour les communaut\u00e9s autochtones partout au Canada, le partage du savoir ancestral et la tradition orale sont des \u00e9l\u00e9ments vitaux pour pr\u00e9server et passer\" \/>\n<meta property=\"og:url\" content=\"https:\/\/destinationindigenous.ca\/fr\/blog\/traditions-partagees-et-une-riche-histoire\/\" \/>\n<meta property=\"og:site_name\" content=\"DI - Planificateur de s\u00e9jour\" \/>\n<meta property=\"article:published_time\" content=\"2022-01-21T22:16:19+00:00\" \/>\n<meta property=\"article:modified_time\" content=\"2022-03-23T18:07:00+00:00\" \/>\n<meta property=\"og:image\" content=\"https:\/\/destinationindigenous.ca\/wp-content\/uploads\/2022\/01\/CC-Yukon-HR-7132-large-1.jpg\" \/>\n\t<meta property=\"og:image:width\" content=\"1920\" \/>\n\t<meta property=\"og:image:height\" content=\"1280\" \/>\n\t<meta property=\"og:image:type\" content=\"image\/jpeg\" \/>\n<meta name=\"author\" content=\"Zane Buchanan\" \/>\n<meta name=\"twitter:card\" content=\"summary_large_image\" \/>\n<meta name=\"twitter:label1\" content=\"\u00c9crit par\" \/>\n\t<meta name=\"twitter:data1\" content=\"Zane Buchanan\" \/>\n\t<meta name=\"twitter:label2\" content=\"Dur\u00e9e de lecture estim\u00e9e\" \/>\n\t<meta name=\"twitter:data2\" content=\"6 minutes\" \/>\n<script type=\"application\/ld+json\" class=\"yoast-schema-graph\">{\"@context\":\"https:\/\/schema.org\",\"@graph\":[{\"@type\":\"Article\",\"@id\":\"https:\/\/destinationindigenous.ca\/fr\/blog\/traditions-partagees-et-une-riche-histoire\/#article\",\"isPartOf\":{\"@id\":\"https:\/\/destinationindigenous.ca\/fr\/blog\/traditions-partagees-et-une-riche-histoire\/\"},\"author\":{\"name\":\"Zane Buchanan\",\"@id\":\"https:\/\/destinationindigenous.ca\/fr\/#\/schema\/person\/11dfc00354cd35941b37bbeb7a6e0d92\"},\"headline\":\"Traditions partag\u00e9es et une riche histoire\",\"datePublished\":\"2022-01-21T22:16:19+00:00\",\"dateModified\":\"2022-03-23T18:07:00+00:00\",\"mainEntityOfPage\":{\"@id\":\"https:\/\/destinationindigenous.ca\/fr\/blog\/traditions-partagees-et-une-riche-histoire\/\"},\"wordCount\":1341,\"commentCount\":0,\"publisher\":{\"@id\":\"https:\/\/destinationindigenous.ca\/fr\/#organization\"},\"image\":{\"@id\":\"https:\/\/destinationindigenous.ca\/fr\/blog\/traditions-partagees-et-une-riche-histoire\/#primaryimage\"},\"thumbnailUrl\":\"https:\/\/destinationindigenous.ca\/wp-content\/uploads\/2022\/01\/CC-Yukon-HR-7132-large-1.jpg\",\"articleSection\":[\"Non classifi\u00e9(e)\"],\"inLanguage\":\"fr-FR\",\"potentialAction\":[{\"@type\":\"CommentAction\",\"name\":\"Comment\",\"target\":[\"https:\/\/destinationindigenous.ca\/fr\/blog\/traditions-partagees-et-une-riche-histoire\/#respond\"]}]},{\"@type\":\"WebPage\",\"@id\":\"https:\/\/destinationindigenous.ca\/fr\/blog\/traditions-partagees-et-une-riche-histoire\/\",\"url\":\"https:\/\/destinationindigenous.ca\/fr\/blog\/traditions-partagees-et-une-riche-histoire\/\",\"name\":\"Traditions partag\u00e9es et une riche histoire - Destination Indigenous\",\"isPartOf\":{\"@id\":\"https:\/\/destinationindigenous.ca\/fr\/#website\"},\"primaryImageOfPage\":{\"@id\":\"https:\/\/destinationindigenous.ca\/fr\/blog\/traditions-partagees-et-une-riche-histoire\/#primaryimage\"},\"image\":{\"@id\":\"https:\/\/destinationindigenous.ca\/fr\/blog\/traditions-partagees-et-une-riche-histoire\/#primaryimage\"},\"thumbnailUrl\":\"https:\/\/destinationindigenous.ca\/wp-content\/uploads\/2022\/01\/CC-Yukon-HR-7132-large-1.jpg\",\"datePublished\":\"2022-01-21T22:16:19+00:00\",\"dateModified\":\"2022-03-23T18:07:00+00:00\",\"description\":\"Pour les communaut\u00e9s autochtones partout au Canada, le partage du savoir ancestral et la tradition orale sont des \u00e9l\u00e9ments vitaux pour pr\u00e9server et passer\",\"breadcrumb\":{\"@id\":\"https:\/\/destinationindigenous.ca\/fr\/blog\/traditions-partagees-et-une-riche-histoire\/#breadcrumb\"},\"inLanguage\":\"fr-FR\",\"potentialAction\":[{\"@type\":\"ReadAction\",\"target\":[\"https:\/\/destinationindigenous.ca\/fr\/blog\/traditions-partagees-et-une-riche-histoire\/\"]}]},{\"@type\":\"ImageObject\",\"inLanguage\":\"fr-FR\",\"@id\":\"https:\/\/destinationindigenous.ca\/fr\/blog\/traditions-partagees-et-une-riche-histoire\/#primaryimage\",\"url\":\"https:\/\/destinationindigenous.ca\/wp-content\/uploads\/2022\/01\/CC-Yukon-HR-7132-large-1.jpg\",\"contentUrl\":\"https:\/\/destinationindigenous.ca\/wp-content\/uploads\/2022\/01\/CC-Yukon-HR-7132-large-1.jpg\",\"width\":1920,\"height\":1280,\"caption\":\"Traditional Knowledge\"},{\"@type\":\"BreadcrumbList\",\"@id\":\"https:\/\/destinationindigenous.ca\/fr\/blog\/traditions-partagees-et-une-riche-histoire\/#breadcrumb\",\"itemListElement\":[{\"@type\":\"ListItem\",\"position\":1,\"name\":\"Home\",\"item\":\"https:\/\/destinationindigenous.ca\/fr\/\"},{\"@type\":\"ListItem\",\"position\":2,\"name\":\"Traditions partag\u00e9es et une riche histoire\"}]},{\"@type\":\"WebSite\",\"@id\":\"https:\/\/destinationindigenous.ca\/fr\/#website\",\"url\":\"https:\/\/destinationindigenous.ca\/fr\/\",\"name\":\"DI - Planificateur de s\u00e9jour\",\"description\":\"Indigenous travel experiences from across Canada\",\"publisher\":{\"@id\":\"https:\/\/destinationindigenous.ca\/fr\/#organization\"},\"potentialAction\":[{\"@type\":\"SearchAction\",\"target\":{\"@type\":\"EntryPoint\",\"urlTemplate\":\"https:\/\/destinationindigenous.ca\/fr\/?s={search_term_string}\"},\"query-input\":{\"@type\":\"PropertyValueSpecification\",\"valueRequired\":true,\"valueName\":\"search_term_string\"}}],\"inLanguage\":\"fr-FR\"},{\"@type\":\"Organization\",\"@id\":\"https:\/\/destinationindigenous.ca\/fr\/#organization\",\"name\":\"Destination Indigenous\",\"url\":\"https:\/\/destinationindigenous.ca\/fr\/\",\"logo\":{\"@type\":\"ImageObject\",\"inLanguage\":\"fr-FR\",\"@id\":\"https:\/\/destinationindigenous.ca\/fr\/#\/schema\/logo\/image\/\",\"url\":\"https:\/\/destinationindigenous.ca\/wp-content\/uploads\/2022\/08\/di-logo-navbar@2x.png\",\"contentUrl\":\"https:\/\/destinationindigenous.ca\/wp-content\/uploads\/2022\/08\/di-logo-navbar@2x.png\",\"width\":960,\"height\":61,\"caption\":\"Destination Indigenous\"},\"image\":{\"@id\":\"https:\/\/destinationindigenous.ca\/fr\/#\/schema\/logo\/image\/\"}},{\"@type\":\"Person\",\"@id\":\"https:\/\/destinationindigenous.ca\/fr\/#\/schema\/person\/11dfc00354cd35941b37bbeb7a6e0d92\",\"name\":\"Zane Buchanan\",\"description\":\"Zane, a M\u00e9tis writer, producer, and digital storyteller based in Vancouver, British Columbia, takes great pride in the diverse career path he has forged. Starting as a freelance journalist, he transitioned into travel media when he was appointed the 2019 Saskatchewanderer by Tourism Saskatchewan. This experience solidified his standing in the tourism sector and paved the way for his work with the Indigenous Tourism Association of Canada (ITAC). At ITAC, Zane contributes to the creative direction of The Original Original authentication program and Destination Indigenous (ITAC\u2019s consumer-facing presence). He oversees content and brand integrity while also serving as the executive editor of Nations Magazine. Beyond ITAC, Zane regularly contributes to Canadian Geographic, focusing on ethical travel. His contributions have earned him the esteemed title of a fellow of the Royal Canadian Geographical Society, and he serves as a judge for the Travel Media Association of Canada Awards. His leadership includes a direct partnership with the Assembly of First Nations, with whom he attended the Historic Papal Visits in Rome in April 2022, in line with the Truth and Reconciliation Commission\u2019s 94 Calls to Action. As a sought-after speaker, Zane has presented at renowned conferences and events such as South by Southwest (SXSW), The SEE Conference, The International Indigenous Tourism Conference (IITC), and The IMPACT Conference. His influence extends to other creative mediums, including presenting the Contemporary Indigenous Artist or Group of the Year Award at the Juno Awards Ceremony annually. Beyond his various roles, Zane is the founder and creative director of CIVL Creative, a digital agency designed to meet the unique needs of nonprofits and social enterprises.\",\"url\":\"https:\/\/destinationindigenous.ca\/fr\/blog\/author\/admin-zane\/\"}]}<\/script>\n<!-- \/ Yoast SEO Premium plugin. -->","yoast_head_json":{"title":"Traditions partag\u00e9es et une riche histoire - Destination Indigenous","description":"Pour les communaut\u00e9s autochtones partout au Canada, le partage du savoir ancestral et la tradition orale sont des \u00e9l\u00e9ments vitaux pour pr\u00e9server et passer","robots":{"index":"index","follow":"follow","max-snippet":"max-snippet:-1","max-image-preview":"max-image-preview:large","max-video-preview":"max-video-preview:-1"},"canonical":"https:\/\/destinationindigenous.ca\/fr\/blog\/traditions-partagees-et-une-riche-histoire\/","og_locale":"fr_FR","og_type":"article","og_title":"Traditions partag\u00e9es et une riche histoire","og_description":"Pour les communaut\u00e9s autochtones partout au Canada, le partage du savoir ancestral et la tradition orale sont des \u00e9l\u00e9ments vitaux pour pr\u00e9server et passer","og_url":"https:\/\/destinationindigenous.ca\/fr\/blog\/traditions-partagees-et-une-riche-histoire\/","og_site_name":"DI - Planificateur de s\u00e9jour","article_published_time":"2022-01-21T22:16:19+00:00","article_modified_time":"2022-03-23T18:07:00+00:00","og_image":[{"width":1920,"height":1280,"url":"https:\/\/destinationindigenous.ca\/wp-content\/uploads\/2022\/01\/CC-Yukon-HR-7132-large-1.jpg","type":"image\/jpeg"}],"author":"Zane Buchanan","twitter_card":"summary_large_image","twitter_misc":{"\u00c9crit par":"Zane Buchanan","Dur\u00e9e de lecture estim\u00e9e":"6 minutes"},"schema":{"@context":"https:\/\/schema.org","@graph":[{"@type":"Article","@id":"https:\/\/destinationindigenous.ca\/fr\/blog\/traditions-partagees-et-une-riche-histoire\/#article","isPartOf":{"@id":"https:\/\/destinationindigenous.ca\/fr\/blog\/traditions-partagees-et-une-riche-histoire\/"},"author":{"name":"Zane Buchanan","@id":"https:\/\/destinationindigenous.ca\/fr\/#\/schema\/person\/11dfc00354cd35941b37bbeb7a6e0d92"},"headline":"Traditions partag\u00e9es et une riche histoire","datePublished":"2022-01-21T22:16:19+00:00","dateModified":"2022-03-23T18:07:00+00:00","mainEntityOfPage":{"@id":"https:\/\/destinationindigenous.ca\/fr\/blog\/traditions-partagees-et-une-riche-histoire\/"},"wordCount":1341,"commentCount":0,"publisher":{"@id":"https:\/\/destinationindigenous.ca\/fr\/#organization"},"image":{"@id":"https:\/\/destinationindigenous.ca\/fr\/blog\/traditions-partagees-et-une-riche-histoire\/#primaryimage"},"thumbnailUrl":"https:\/\/destinationindigenous.ca\/wp-content\/uploads\/2022\/01\/CC-Yukon-HR-7132-large-1.jpg","articleSection":["Non classifi\u00e9(e)"],"inLanguage":"fr-FR","potentialAction":[{"@type":"CommentAction","name":"Comment","target":["https:\/\/destinationindigenous.ca\/fr\/blog\/traditions-partagees-et-une-riche-histoire\/#respond"]}]},{"@type":"WebPage","@id":"https:\/\/destinationindigenous.ca\/fr\/blog\/traditions-partagees-et-une-riche-histoire\/","url":"https:\/\/destinationindigenous.ca\/fr\/blog\/traditions-partagees-et-une-riche-histoire\/","name":"Traditions partag\u00e9es et une riche histoire - Destination Indigenous","isPartOf":{"@id":"https:\/\/destinationindigenous.ca\/fr\/#website"},"primaryImageOfPage":{"@id":"https:\/\/destinationindigenous.ca\/fr\/blog\/traditions-partagees-et-une-riche-histoire\/#primaryimage"},"image":{"@id":"https:\/\/destinationindigenous.ca\/fr\/blog\/traditions-partagees-et-une-riche-histoire\/#primaryimage"},"thumbnailUrl":"https:\/\/destinationindigenous.ca\/wp-content\/uploads\/2022\/01\/CC-Yukon-HR-7132-large-1.jpg","datePublished":"2022-01-21T22:16:19+00:00","dateModified":"2022-03-23T18:07:00+00:00","description":"Pour les communaut\u00e9s autochtones partout au Canada, le partage du savoir ancestral et la tradition orale sont des \u00e9l\u00e9ments vitaux pour pr\u00e9server et passer","breadcrumb":{"@id":"https:\/\/destinationindigenous.ca\/fr\/blog\/traditions-partagees-et-une-riche-histoire\/#breadcrumb"},"inLanguage":"fr-FR","potentialAction":[{"@type":"ReadAction","target":["https:\/\/destinationindigenous.ca\/fr\/blog\/traditions-partagees-et-une-riche-histoire\/"]}]},{"@type":"ImageObject","inLanguage":"fr-FR","@id":"https:\/\/destinationindigenous.ca\/fr\/blog\/traditions-partagees-et-une-riche-histoire\/#primaryimage","url":"https:\/\/destinationindigenous.ca\/wp-content\/uploads\/2022\/01\/CC-Yukon-HR-7132-large-1.jpg","contentUrl":"https:\/\/destinationindigenous.ca\/wp-content\/uploads\/2022\/01\/CC-Yukon-HR-7132-large-1.jpg","width":1920,"height":1280,"caption":"Traditional Knowledge"},{"@type":"BreadcrumbList","@id":"https:\/\/destinationindigenous.ca\/fr\/blog\/traditions-partagees-et-une-riche-histoire\/#breadcrumb","itemListElement":[{"@type":"ListItem","position":1,"name":"Home","item":"https:\/\/destinationindigenous.ca\/fr\/"},{"@type":"ListItem","position":2,"name":"Traditions partag\u00e9es et une riche histoire"}]},{"@type":"WebSite","@id":"https:\/\/destinationindigenous.ca\/fr\/#website","url":"https:\/\/destinationindigenous.ca\/fr\/","name":"DI - Planificateur de s\u00e9jour","description":"Indigenous travel experiences from across Canada","publisher":{"@id":"https:\/\/destinationindigenous.ca\/fr\/#organization"},"potentialAction":[{"@type":"SearchAction","target":{"@type":"EntryPoint","urlTemplate":"https:\/\/destinationindigenous.ca\/fr\/?s={search_term_string}"},"query-input":{"@type":"PropertyValueSpecification","valueRequired":true,"valueName":"search_term_string"}}],"inLanguage":"fr-FR"},{"@type":"Organization","@id":"https:\/\/destinationindigenous.ca\/fr\/#organization","name":"Destination Indigenous","url":"https:\/\/destinationindigenous.ca\/fr\/","logo":{"@type":"ImageObject","inLanguage":"fr-FR","@id":"https:\/\/destinationindigenous.ca\/fr\/#\/schema\/logo\/image\/","url":"https:\/\/destinationindigenous.ca\/wp-content\/uploads\/2022\/08\/di-logo-navbar@2x.png","contentUrl":"https:\/\/destinationindigenous.ca\/wp-content\/uploads\/2022\/08\/di-logo-navbar@2x.png","width":960,"height":61,"caption":"Destination Indigenous"},"image":{"@id":"https:\/\/destinationindigenous.ca\/fr\/#\/schema\/logo\/image\/"}},{"@type":"Person","@id":"https:\/\/destinationindigenous.ca\/fr\/#\/schema\/person\/11dfc00354cd35941b37bbeb7a6e0d92","name":"Zane Buchanan","description":"Zane, a M\u00e9tis writer, producer, and digital storyteller based in Vancouver, British Columbia, takes great pride in the diverse career path he has forged. Starting as a freelance journalist, he transitioned into travel media when he was appointed the 2019 Saskatchewanderer by Tourism Saskatchewan. This experience solidified his standing in the tourism sector and paved the way for his work with the Indigenous Tourism Association of Canada (ITAC). At ITAC, Zane contributes to the creative direction of The Original Original authentication program and Destination Indigenous (ITAC\u2019s consumer-facing presence). He oversees content and brand integrity while also serving as the executive editor of Nations Magazine. Beyond ITAC, Zane regularly contributes to Canadian Geographic, focusing on ethical travel. His contributions have earned him the esteemed title of a fellow of the Royal Canadian Geographical Society, and he serves as a judge for the Travel Media Association of Canada Awards. His leadership includes a direct partnership with the Assembly of First Nations, with whom he attended the Historic Papal Visits in Rome in April 2022, in line with the Truth and Reconciliation Commission\u2019s 94 Calls to Action. As a sought-after speaker, Zane has presented at renowned conferences and events such as South by Southwest (SXSW), The SEE Conference, The International Indigenous Tourism Conference (IITC), and The IMPACT Conference. His influence extends to other creative mediums, including presenting the Contemporary Indigenous Artist or Group of the Year Award at the Juno Awards Ceremony annually. Beyond his various roles, Zane is the founder and creative director of CIVL Creative, a digital agency designed to meet the unique needs of nonprofits and social enterprises.","url":"https:\/\/destinationindigenous.ca\/fr\/blog\/author\/admin-zane\/"}]}},"_links":{"self":[{"href":"https:\/\/destinationindigenous.ca\/fr\/wp-json\/wp\/v2\/posts\/117401","targetHints":{"allow":["GET"]}}],"collection":[{"href":"https:\/\/destinationindigenous.ca\/fr\/wp-json\/wp\/v2\/posts"}],"about":[{"href":"https:\/\/destinationindigenous.ca\/fr\/wp-json\/wp\/v2\/types\/post"}],"author":[{"embeddable":true,"href":"https:\/\/destinationindigenous.ca\/fr\/wp-json\/wp\/v2\/users\/39"}],"replies":[{"embeddable":true,"href":"https:\/\/destinationindigenous.ca\/fr\/wp-json\/wp\/v2\/comments?post=117401"}],"version-history":[{"count":0,"href":"https:\/\/destinationindigenous.ca\/fr\/wp-json\/wp\/v2\/posts\/117401\/revisions"}],"wp:featuredmedia":[{"embeddable":true,"href":"https:\/\/destinationindigenous.ca\/fr\/wp-json\/wp\/v2\/media\/117644"}],"wp:attachment":[{"href":"https:\/\/destinationindigenous.ca\/fr\/wp-json\/wp\/v2\/media?parent=117401"}],"wp:term":[{"taxonomy":"category","embeddable":true,"href":"https:\/\/destinationindigenous.ca\/fr\/wp-json\/wp\/v2\/categories?post=117401"},{"taxonomy":"post_tag","embeddable":true,"href":"https:\/\/destinationindigenous.ca\/fr\/wp-json\/wp\/v2\/tags?post=117401"}],"curies":[{"name":"wp","href":"https:\/\/api.w.org\/{rel}","templated":true}]}}