{"id":117422,"date":"2022-01-21T14:25:49","date_gmt":"2022-01-21T22:25:49","guid":{"rendered":"https:\/\/destinationindigenous.ca\/?p=117422"},"modified":"2022-01-21T14:25:49","modified_gmt":"2022-01-21T22:25:49","slug":"developpement-durable-et-tourisme-autochtone","status":"publish","type":"post","link":"https:\/\/destinationindigenous.ca\/fr\/blog\/developpement-durable-et-tourisme-autochtone\/","title":{"rendered":"D\u00e9veloppement durable et tourisme autochtone"},"content":{"rendered":"<p class=\"p1\">En ces temps o\u00f9 la soci\u00e9t\u00e9 est confront\u00e9e au changement climatique, \u00e0 la polarit\u00e9 politique et \u00e0 l&rsquo;incertitude \u00e9conomique, nous trouvons un certain r\u00e9confort dans les perspectives autochtones et l&rsquo;apport positif des peuples autochtones vers un syst\u00e8me qui int\u00e8gre plus sainement peuples, plan\u00e8te et profits. Depuis la nuit des temps, les peuples autochtones g\u00e8rent des \u00e9cosyst\u00e8mes au moyen d\u2019approches holistiques et \u00e9quilibr\u00e9es. Ils prennent soin d&rsquo;eux-m\u00eames, de leurs familles et de leurs communaut\u00e9s gr\u00e2ce \u00e0 des liens profonds avec les syst\u00e8mes environnementaux et \u00e0 un savoir \u00e9cologique traditionnel qui tient compte des sept g\u00e9n\u00e9rations futures. Les entreprises touristiques autochtones sont des vecteurs parfaits pour soutenir ces valeurs profondes. Non seulement ces entreprises sont dirig\u00e9es par les membres des Premi\u00e8res Nations, les M\u00e9tis et les Inuit au Canada qui incarnent des visions holistiques du monde, mais elles offrent \u00e9galement aux visiteurs l&rsquo;occasion d&rsquo;apprendre et d\u2019adopter des comportements touristiques responsables.<\/p>\n<p class=\"p1\">Les entreprises touristiques autochtones ouvrent la voie \u00e0 la r\u00e9g\u00e9n\u00e9ration et prennent des mesures concr\u00e8tes vers des pratiques commerciales plus sociales et \u00e9cologiques.<\/p>\n<p class=\"p1\"><b>M\u00e9tis Crossing<span class=\"Apple-converted-space\">\u00a0<\/span><\/b><\/p>\n<p class=\"p1\">M\u00e9tis Crossing est le premier grand centre d\u2019interpr\u00e9tation culturelle m\u00e9tisse de l\u2019Alberta et un haut lieu d\u2019interpr\u00e9tation culturelle, d\u2019\u00e9ducation, de rassemblement et de d\u00e9veloppement des affaires du peuple m\u00e9tis dans la province. Vous pouvez participer \u00e0 des visites guid\u00e9es et \u00e0 des programmes d\u2019interpr\u00e9tation, go\u00fbter \u00e0 une cuisine d&rsquo;inspiration autochtone de la ferme \u00e0 la table, et m\u00eame voir des bisons qui ont \u00e9t\u00e9 ramen\u00e9s sur les terres traditionnelles.<\/p>\n<p class=\"p1\">Un nouveau partenariat \u00e9tabli par Visions, Hopes and Dreams at M\u00e9tis Crossing Wildlife Park offre l&rsquo;occasion de r\u00e9g\u00e9n\u00e9rer un important \u00e9cosyst\u00e8me de prairies. Ce partenariat, qui repr\u00e9sente une \u00e9tape importante vers la r\u00e9conciliation, a permis le retour des bisons de la lign\u00e9e ancestrale sur les terres traditionnelles. Le retour de ces animaux est symbolique du lien entre les peuples autochtones et le territoire sur lequel leurs anc\u00eatres chassaient et vivaient autrefois.<\/p>\n<p class=\"p1\"><b>Parc Point Grondine<span class=\"Apple-converted-space\">\u00a0<\/span><\/b><\/p>\n<p class=\"p1\">Le parc Point Grondine offre plus de 18 000 acres de nature sauvage pittoresque, d\u2019anciennes for\u00eats de pins et de superbes vues sur la rivi\u00e8re entre les parcs provinciaux de Killarney et de la Rivi\u00e8re-des-Fran\u00e7ais. Profitez du nouveau sentier d&rsquo;interpr\u00e9tation A-Mik-Zii-Bi pour en apprendre davantage sur l\u2019histoire du peuple anishnaabek, les plantes m\u00e9dicinales et le lien \u00e9troit de la communaut\u00e9 avec la terre.<\/p>\n<p class=\"p2\">En 2020, le parc Point Grondine a introduit Amik Ziibii afin de permettre aux visiteurs d&rsquo;en apprendre davantage sur les plantes m\u00e9dicinales traditionnelles qui longent le sentier d\u2019interpr\u00e9tation. Le parc propose une programmation en collaboration avec Parcs Ontario donnant l\u2019occasion aux visiteurs du parc voisin Killarney de venir participer \u00e0 des exp\u00e9riences guid\u00e9es pour en savoir plus sur la flore et la faune uniques de la r\u00e9gion.<\/p>\n<p class=\"p1\"><b>Homalco Wildlife Tours LP<\/b><\/p>\n<p class=\"p3\">Depuis plus d&rsquo;une d\u00e9cennie, Homalco Wildlife &amp; Cultural Tours et son personnel sont les gardiens de la population de grizzlis sur leur territoire traditionnel de Bute Inlet. L&rsquo;importance culturelle et historique du site date de milliers d&rsquo;ann\u00e9es, et aujourd&rsquo;hui, la communaut\u00e9 accueille des visiteurs souhaitant voir les ours, en apprendre davantage sur leur lien avec la terre et la faune et se plonger dans la beaut\u00e9 de l\u2019anse. Homalco a \u00e9tabli des frais de conservation pour soutenir davantage l&rsquo;\u00e9closerie de poissons Homalco, dans la baie Orford, \u00e0 reconstituer des populations indig\u00e8nes de saumon sauvage afin de favoriser un habitat sain pour les ours, tout en prot\u00e9geant les racines autochtones, la culture et la source de nourriture de la Premi\u00e8re Nation Homalco.<\/p>\n<p class=\"p1\"><b>Spirit Bear Lodge<span class=\"Apple-converted-space\">\u00a0<\/span><\/b><\/p>\n<p class=\"p4\">Situ\u00e9 au c\u0153ur de la for\u00eat pluviale de Great Bear, Spirit Bear Lodge propose des excursions de classe mondiale d\u2019observation de la faune et des exp\u00e9riences culturelles autochtones sans \u00e9gal. Participez \u00e0 une visite pour avoir un acc\u00e8s exclusif aux zones d&rsquo;observation de la faune et aux sites culturels sur le territoire traditionnel des Kitasoo\/Xai&rsquo;xais.<\/p>\n<p class=\"p5\">Le projet hydro\u00e9lectrique Kitasoo dessert la communaut\u00e9 de la Premi\u00e8re Nation Kitasoo\/Xai\u2019xais de Klemtu. Il augmente la production d&rsquo;\u00e9nergie renouvelable et r\u00e9duit la d\u00e9pendance de la communaut\u00e9 au diesel tout en soutenant la croissance d\u00e9mographique et les opportunit\u00e9s \u00e9conomiques. Les peuples Kitasoo et Xai\u2019xais se sont engag\u00e9s \u00e0 rechercher des opportunit\u00e9s de d\u00e9veloppement \u00e9conomique qui soutiennent la communaut\u00e9 Klemtu tout en prot\u00e9geant et mettant en valeur leur culture et leur patrimoine. Ces projets devraient r\u00e9duire les \u00e9missions de carbone \u00e0 Klemtu d&rsquo;environ 11 160 tonnes sur la dur\u00e9e de vie de l&rsquo;installation hydro\u00e9lectrique.<\/p>\n","protected":false},"excerpt":{"rendered":"<p>En ces temps o\u00f9 la soci\u00e9t\u00e9 est confront\u00e9e au changement climatique, \u00e0 la polarit\u00e9 politique et \u00e0 l&rsquo;incertitude \u00e9conomique, nous [&hellip;]<\/p>\n","protected":false},"author":39,"featured_media":123163,"comment_status":"open","ping_status":"open","sticky":false,"template":"","format":"standard","meta":[],"categories":[4],"tags":[],"class_list":["post-117422","post","type-post","status-publish","format-standard","has-post-thumbnail","hentry","category-non-classifiee","region-alberta-fr","region-colombie-britannique","region-ontario-fr"],"yoast_head":"<!-- This site is optimized with the Yoast SEO Premium plugin v24.2 (Yoast SEO v24.2) - https:\/\/yoast.com\/wordpress\/plugins\/seo\/ -->\n<title>D\u00e9veloppement durable et tourisme autochtone - Destination Indigenous<\/title>\n<meta name=\"description\" content=\"En ces temps o\u00f9 la soci\u00e9t\u00e9 est confront\u00e9e au changement climatique, \u00e0 la polarit\u00e9 politique et \u00e0 l&#039;incertitude \u00e9conomique, nous trouvons un certain\" \/>\n<meta name=\"robots\" content=\"index, follow, max-snippet:-1, max-image-preview:large, max-video-preview:-1\" \/>\n<link rel=\"canonical\" href=\"https:\/\/destinationindigenous.ca\/fr\/blog\/developpement-durable-et-tourisme-autochtone\/\" \/>\n<meta property=\"og:locale\" content=\"fr_FR\" \/>\n<meta property=\"og:type\" content=\"article\" \/>\n<meta property=\"og:title\" content=\"D\u00e9veloppement durable et tourisme autochtone\" \/>\n<meta property=\"og:description\" content=\"En ces temps o\u00f9 la soci\u00e9t\u00e9 est confront\u00e9e au changement climatique, \u00e0 la polarit\u00e9 politique et \u00e0 l&#039;incertitude \u00e9conomique, nous trouvons un certain\" \/>\n<meta property=\"og:url\" content=\"https:\/\/destinationindigenous.ca\/fr\/blog\/developpement-durable-et-tourisme-autochtone\/\" \/>\n<meta property=\"og:site_name\" content=\"DI - Planificateur de s\u00e9jour\" \/>\n<meta property=\"article:published_time\" content=\"2022-01-21T22:25:49+00:00\" \/>\n<meta name=\"author\" content=\"Zane Buchanan\" \/>\n<meta name=\"twitter:card\" content=\"summary_large_image\" \/>\n<meta name=\"twitter:label1\" content=\"\u00c9crit par\" \/>\n\t<meta name=\"twitter:data1\" content=\"Zane Buchanan\" \/>\n\t<meta name=\"twitter:label2\" content=\"Dur\u00e9e de lecture estim\u00e9e\" \/>\n\t<meta name=\"twitter:data2\" content=\"4 minutes\" \/>\n<script type=\"application\/ld+json\" class=\"yoast-schema-graph\">{\"@context\":\"https:\/\/schema.org\",\"@graph\":[{\"@type\":\"Article\",\"@id\":\"https:\/\/destinationindigenous.ca\/fr\/blog\/developpement-durable-et-tourisme-autochtone\/#article\",\"isPartOf\":{\"@id\":\"https:\/\/destinationindigenous.ca\/fr\/blog\/developpement-durable-et-tourisme-autochtone\/\"},\"author\":{\"name\":\"Zane Buchanan\",\"@id\":\"https:\/\/destinationindigenous.ca\/fr\/#\/schema\/person\/11dfc00354cd35941b37bbeb7a6e0d92\"},\"headline\":\"D\u00e9veloppement durable et tourisme autochtone\",\"datePublished\":\"2022-01-21T22:25:49+00:00\",\"dateModified\":\"2022-01-21T22:25:49+00:00\",\"mainEntityOfPage\":{\"@id\":\"https:\/\/destinationindigenous.ca\/fr\/blog\/developpement-durable-et-tourisme-autochtone\/\"},\"wordCount\":804,\"commentCount\":0,\"publisher\":{\"@id\":\"https:\/\/destinationindigenous.ca\/fr\/#organization\"},\"image\":{\"@id\":\"https:\/\/destinationindigenous.ca\/fr\/blog\/developpement-durable-et-tourisme-autochtone\/#primaryimage\"},\"thumbnailUrl\":\"https:\/\/destinationindigenous.ca\/wp-content\/uploads\/2022\/01\/1-1.png\",\"articleSection\":[\"Non classifi\u00e9(e)\"],\"inLanguage\":\"fr-FR\",\"potentialAction\":[{\"@type\":\"CommentAction\",\"name\":\"Comment\",\"target\":[\"https:\/\/destinationindigenous.ca\/fr\/blog\/developpement-durable-et-tourisme-autochtone\/#respond\"]}]},{\"@type\":\"WebPage\",\"@id\":\"https:\/\/destinationindigenous.ca\/fr\/blog\/developpement-durable-et-tourisme-autochtone\/\",\"url\":\"https:\/\/destinationindigenous.ca\/fr\/blog\/developpement-durable-et-tourisme-autochtone\/\",\"name\":\"D\u00e9veloppement durable et tourisme autochtone - Destination Indigenous\",\"isPartOf\":{\"@id\":\"https:\/\/destinationindigenous.ca\/fr\/#website\"},\"primaryImageOfPage\":{\"@id\":\"https:\/\/destinationindigenous.ca\/fr\/blog\/developpement-durable-et-tourisme-autochtone\/#primaryimage\"},\"image\":{\"@id\":\"https:\/\/destinationindigenous.ca\/fr\/blog\/developpement-durable-et-tourisme-autochtone\/#primaryimage\"},\"thumbnailUrl\":\"https:\/\/destinationindigenous.ca\/wp-content\/uploads\/2022\/01\/1-1.png\",\"datePublished\":\"2022-01-21T22:25:49+00:00\",\"dateModified\":\"2022-01-21T22:25:49+00:00\",\"description\":\"En ces temps o\u00f9 la soci\u00e9t\u00e9 est confront\u00e9e au changement climatique, \u00e0 la polarit\u00e9 politique et \u00e0 l'incertitude \u00e9conomique, nous trouvons un certain\",\"breadcrumb\":{\"@id\":\"https:\/\/destinationindigenous.ca\/fr\/blog\/developpement-durable-et-tourisme-autochtone\/#breadcrumb\"},\"inLanguage\":\"fr-FR\",\"potentialAction\":[{\"@type\":\"ReadAction\",\"target\":[\"https:\/\/destinationindigenous.ca\/fr\/blog\/developpement-durable-et-tourisme-autochtone\/\"]}]},{\"@type\":\"ImageObject\",\"inLanguage\":\"fr-FR\",\"@id\":\"https:\/\/destinationindigenous.ca\/fr\/blog\/developpement-durable-et-tourisme-autochtone\/#primaryimage\",\"url\":\"https:\/\/destinationindigenous.ca\/wp-content\/uploads\/2022\/01\/1-1.png\",\"contentUrl\":\"https:\/\/destinationindigenous.ca\/wp-content\/uploads\/2022\/01\/1-1.png\",\"width\":2560,\"height\":1440},{\"@type\":\"BreadcrumbList\",\"@id\":\"https:\/\/destinationindigenous.ca\/fr\/blog\/developpement-durable-et-tourisme-autochtone\/#breadcrumb\",\"itemListElement\":[{\"@type\":\"ListItem\",\"position\":1,\"name\":\"Home\",\"item\":\"https:\/\/destinationindigenous.ca\/fr\/\"},{\"@type\":\"ListItem\",\"position\":2,\"name\":\"D\u00e9veloppement durable et tourisme autochtone\"}]},{\"@type\":\"WebSite\",\"@id\":\"https:\/\/destinationindigenous.ca\/fr\/#website\",\"url\":\"https:\/\/destinationindigenous.ca\/fr\/\",\"name\":\"DI - Planificateur de s\u00e9jour\",\"description\":\"Indigenous travel experiences from across Canada\",\"publisher\":{\"@id\":\"https:\/\/destinationindigenous.ca\/fr\/#organization\"},\"potentialAction\":[{\"@type\":\"SearchAction\",\"target\":{\"@type\":\"EntryPoint\",\"urlTemplate\":\"https:\/\/destinationindigenous.ca\/fr\/?s={search_term_string}\"},\"query-input\":{\"@type\":\"PropertyValueSpecification\",\"valueRequired\":true,\"valueName\":\"search_term_string\"}}],\"inLanguage\":\"fr-FR\"},{\"@type\":\"Organization\",\"@id\":\"https:\/\/destinationindigenous.ca\/fr\/#organization\",\"name\":\"Destination Indigenous\",\"url\":\"https:\/\/destinationindigenous.ca\/fr\/\",\"logo\":{\"@type\":\"ImageObject\",\"inLanguage\":\"fr-FR\",\"@id\":\"https:\/\/destinationindigenous.ca\/fr\/#\/schema\/logo\/image\/\",\"url\":\"https:\/\/destinationindigenous.ca\/wp-content\/uploads\/2022\/08\/di-logo-navbar@2x.png\",\"contentUrl\":\"https:\/\/destinationindigenous.ca\/wp-content\/uploads\/2022\/08\/di-logo-navbar@2x.png\",\"width\":960,\"height\":61,\"caption\":\"Destination Indigenous\"},\"image\":{\"@id\":\"https:\/\/destinationindigenous.ca\/fr\/#\/schema\/logo\/image\/\"}},{\"@type\":\"Person\",\"@id\":\"https:\/\/destinationindigenous.ca\/fr\/#\/schema\/person\/11dfc00354cd35941b37bbeb7a6e0d92\",\"name\":\"Zane Buchanan\",\"description\":\"Zane, a M\u00e9tis writer, producer, and digital storyteller based in Vancouver, British Columbia, takes great pride in the diverse career path he has forged. Starting as a freelance journalist, he transitioned into travel media when he was appointed the 2019 Saskatchewanderer by Tourism Saskatchewan. This experience solidified his standing in the tourism sector and paved the way for his work with the Indigenous Tourism Association of Canada (ITAC). At ITAC, Zane contributes to the creative direction of The Original Original authentication program and Destination Indigenous (ITAC\u2019s consumer-facing presence). He oversees content and brand integrity while also serving as the executive editor of Nations Magazine. Beyond ITAC, Zane regularly contributes to Canadian Geographic, focusing on ethical travel. His contributions have earned him the esteemed title of a fellow of the Royal Canadian Geographical Society, and he serves as a judge for the Travel Media Association of Canada Awards. His leadership includes a direct partnership with the Assembly of First Nations, with whom he attended the Historic Papal Visits in Rome in April 2022, in line with the Truth and Reconciliation Commission\u2019s 94 Calls to Action. As a sought-after speaker, Zane has presented at renowned conferences and events such as South by Southwest (SXSW), The SEE Conference, The International Indigenous Tourism Conference (IITC), and The IMPACT Conference. His influence extends to other creative mediums, including presenting the Contemporary Indigenous Artist or Group of the Year Award at the Juno Awards Ceremony annually. Beyond his various roles, Zane is the founder and creative director of CIVL Creative, a digital agency designed to meet the unique needs of nonprofits and social enterprises.\",\"url\":\"https:\/\/destinationindigenous.ca\/fr\/blog\/author\/admin-zane\/\"}]}<\/script>\n<!-- \/ Yoast SEO Premium plugin. -->","yoast_head_json":{"title":"D\u00e9veloppement durable et tourisme autochtone - Destination Indigenous","description":"En ces temps o\u00f9 la soci\u00e9t\u00e9 est confront\u00e9e au changement climatique, \u00e0 la polarit\u00e9 politique et \u00e0 l'incertitude \u00e9conomique, nous trouvons un certain","robots":{"index":"index","follow":"follow","max-snippet":"max-snippet:-1","max-image-preview":"max-image-preview:large","max-video-preview":"max-video-preview:-1"},"canonical":"https:\/\/destinationindigenous.ca\/fr\/blog\/developpement-durable-et-tourisme-autochtone\/","og_locale":"fr_FR","og_type":"article","og_title":"D\u00e9veloppement durable et tourisme autochtone","og_description":"En ces temps o\u00f9 la soci\u00e9t\u00e9 est confront\u00e9e au changement climatique, \u00e0 la polarit\u00e9 politique et \u00e0 l'incertitude \u00e9conomique, nous trouvons un certain","og_url":"https:\/\/destinationindigenous.ca\/fr\/blog\/developpement-durable-et-tourisme-autochtone\/","og_site_name":"DI - Planificateur de s\u00e9jour","article_published_time":"2022-01-21T22:25:49+00:00","author":"Zane Buchanan","twitter_card":"summary_large_image","twitter_misc":{"\u00c9crit par":"Zane Buchanan","Dur\u00e9e de lecture estim\u00e9e":"4 minutes"},"schema":{"@context":"https:\/\/schema.org","@graph":[{"@type":"Article","@id":"https:\/\/destinationindigenous.ca\/fr\/blog\/developpement-durable-et-tourisme-autochtone\/#article","isPartOf":{"@id":"https:\/\/destinationindigenous.ca\/fr\/blog\/developpement-durable-et-tourisme-autochtone\/"},"author":{"name":"Zane Buchanan","@id":"https:\/\/destinationindigenous.ca\/fr\/#\/schema\/person\/11dfc00354cd35941b37bbeb7a6e0d92"},"headline":"D\u00e9veloppement durable et tourisme autochtone","datePublished":"2022-01-21T22:25:49+00:00","dateModified":"2022-01-21T22:25:49+00:00","mainEntityOfPage":{"@id":"https:\/\/destinationindigenous.ca\/fr\/blog\/developpement-durable-et-tourisme-autochtone\/"},"wordCount":804,"commentCount":0,"publisher":{"@id":"https:\/\/destinationindigenous.ca\/fr\/#organization"},"image":{"@id":"https:\/\/destinationindigenous.ca\/fr\/blog\/developpement-durable-et-tourisme-autochtone\/#primaryimage"},"thumbnailUrl":"https:\/\/destinationindigenous.ca\/wp-content\/uploads\/2022\/01\/1-1.png","articleSection":["Non classifi\u00e9(e)"],"inLanguage":"fr-FR","potentialAction":[{"@type":"CommentAction","name":"Comment","target":["https:\/\/destinationindigenous.ca\/fr\/blog\/developpement-durable-et-tourisme-autochtone\/#respond"]}]},{"@type":"WebPage","@id":"https:\/\/destinationindigenous.ca\/fr\/blog\/developpement-durable-et-tourisme-autochtone\/","url":"https:\/\/destinationindigenous.ca\/fr\/blog\/developpement-durable-et-tourisme-autochtone\/","name":"D\u00e9veloppement durable et tourisme autochtone - Destination Indigenous","isPartOf":{"@id":"https:\/\/destinationindigenous.ca\/fr\/#website"},"primaryImageOfPage":{"@id":"https:\/\/destinationindigenous.ca\/fr\/blog\/developpement-durable-et-tourisme-autochtone\/#primaryimage"},"image":{"@id":"https:\/\/destinationindigenous.ca\/fr\/blog\/developpement-durable-et-tourisme-autochtone\/#primaryimage"},"thumbnailUrl":"https:\/\/destinationindigenous.ca\/wp-content\/uploads\/2022\/01\/1-1.png","datePublished":"2022-01-21T22:25:49+00:00","dateModified":"2022-01-21T22:25:49+00:00","description":"En ces temps o\u00f9 la soci\u00e9t\u00e9 est confront\u00e9e au changement climatique, \u00e0 la polarit\u00e9 politique et \u00e0 l'incertitude \u00e9conomique, nous trouvons un certain","breadcrumb":{"@id":"https:\/\/destinationindigenous.ca\/fr\/blog\/developpement-durable-et-tourisme-autochtone\/#breadcrumb"},"inLanguage":"fr-FR","potentialAction":[{"@type":"ReadAction","target":["https:\/\/destinationindigenous.ca\/fr\/blog\/developpement-durable-et-tourisme-autochtone\/"]}]},{"@type":"ImageObject","inLanguage":"fr-FR","@id":"https:\/\/destinationindigenous.ca\/fr\/blog\/developpement-durable-et-tourisme-autochtone\/#primaryimage","url":"https:\/\/destinationindigenous.ca\/wp-content\/uploads\/2022\/01\/1-1.png","contentUrl":"https:\/\/destinationindigenous.ca\/wp-content\/uploads\/2022\/01\/1-1.png","width":2560,"height":1440},{"@type":"BreadcrumbList","@id":"https:\/\/destinationindigenous.ca\/fr\/blog\/developpement-durable-et-tourisme-autochtone\/#breadcrumb","itemListElement":[{"@type":"ListItem","position":1,"name":"Home","item":"https:\/\/destinationindigenous.ca\/fr\/"},{"@type":"ListItem","position":2,"name":"D\u00e9veloppement durable et tourisme autochtone"}]},{"@type":"WebSite","@id":"https:\/\/destinationindigenous.ca\/fr\/#website","url":"https:\/\/destinationindigenous.ca\/fr\/","name":"DI - Planificateur de s\u00e9jour","description":"Indigenous travel experiences from across Canada","publisher":{"@id":"https:\/\/destinationindigenous.ca\/fr\/#organization"},"potentialAction":[{"@type":"SearchAction","target":{"@type":"EntryPoint","urlTemplate":"https:\/\/destinationindigenous.ca\/fr\/?s={search_term_string}"},"query-input":{"@type":"PropertyValueSpecification","valueRequired":true,"valueName":"search_term_string"}}],"inLanguage":"fr-FR"},{"@type":"Organization","@id":"https:\/\/destinationindigenous.ca\/fr\/#organization","name":"Destination Indigenous","url":"https:\/\/destinationindigenous.ca\/fr\/","logo":{"@type":"ImageObject","inLanguage":"fr-FR","@id":"https:\/\/destinationindigenous.ca\/fr\/#\/schema\/logo\/image\/","url":"https:\/\/destinationindigenous.ca\/wp-content\/uploads\/2022\/08\/di-logo-navbar@2x.png","contentUrl":"https:\/\/destinationindigenous.ca\/wp-content\/uploads\/2022\/08\/di-logo-navbar@2x.png","width":960,"height":61,"caption":"Destination Indigenous"},"image":{"@id":"https:\/\/destinationindigenous.ca\/fr\/#\/schema\/logo\/image\/"}},{"@type":"Person","@id":"https:\/\/destinationindigenous.ca\/fr\/#\/schema\/person\/11dfc00354cd35941b37bbeb7a6e0d92","name":"Zane Buchanan","description":"Zane, a M\u00e9tis writer, producer, and digital storyteller based in Vancouver, British Columbia, takes great pride in the diverse career path he has forged. Starting as a freelance journalist, he transitioned into travel media when he was appointed the 2019 Saskatchewanderer by Tourism Saskatchewan. This experience solidified his standing in the tourism sector and paved the way for his work with the Indigenous Tourism Association of Canada (ITAC). At ITAC, Zane contributes to the creative direction of The Original Original authentication program and Destination Indigenous (ITAC\u2019s consumer-facing presence). He oversees content and brand integrity while also serving as the executive editor of Nations Magazine. Beyond ITAC, Zane regularly contributes to Canadian Geographic, focusing on ethical travel. His contributions have earned him the esteemed title of a fellow of the Royal Canadian Geographical Society, and he serves as a judge for the Travel Media Association of Canada Awards. His leadership includes a direct partnership with the Assembly of First Nations, with whom he attended the Historic Papal Visits in Rome in April 2022, in line with the Truth and Reconciliation Commission\u2019s 94 Calls to Action. As a sought-after speaker, Zane has presented at renowned conferences and events such as South by Southwest (SXSW), The SEE Conference, The International Indigenous Tourism Conference (IITC), and The IMPACT Conference. His influence extends to other creative mediums, including presenting the Contemporary Indigenous Artist or Group of the Year Award at the Juno Awards Ceremony annually. Beyond his various roles, Zane is the founder and creative director of CIVL Creative, a digital agency designed to meet the unique needs of nonprofits and social enterprises.","url":"https:\/\/destinationindigenous.ca\/fr\/blog\/author\/admin-zane\/"}]}},"_links":{"self":[{"href":"https:\/\/destinationindigenous.ca\/fr\/wp-json\/wp\/v2\/posts\/117422","targetHints":{"allow":["GET"]}}],"collection":[{"href":"https:\/\/destinationindigenous.ca\/fr\/wp-json\/wp\/v2\/posts"}],"about":[{"href":"https:\/\/destinationindigenous.ca\/fr\/wp-json\/wp\/v2\/types\/post"}],"author":[{"embeddable":true,"href":"https:\/\/destinationindigenous.ca\/fr\/wp-json\/wp\/v2\/users\/39"}],"replies":[{"embeddable":true,"href":"https:\/\/destinationindigenous.ca\/fr\/wp-json\/wp\/v2\/comments?post=117422"}],"version-history":[{"count":0,"href":"https:\/\/destinationindigenous.ca\/fr\/wp-json\/wp\/v2\/posts\/117422\/revisions"}],"wp:featuredmedia":[{"embeddable":true,"href":"https:\/\/destinationindigenous.ca\/fr\/wp-json\/wp\/v2\/media\/123163"}],"wp:attachment":[{"href":"https:\/\/destinationindigenous.ca\/fr\/wp-json\/wp\/v2\/media?parent=117422"}],"wp:term":[{"taxonomy":"category","embeddable":true,"href":"https:\/\/destinationindigenous.ca\/fr\/wp-json\/wp\/v2\/categories?post=117422"},{"taxonomy":"post_tag","embeddable":true,"href":"https:\/\/destinationindigenous.ca\/fr\/wp-json\/wp\/v2\/tags?post=117422"}],"curies":[{"name":"wp","href":"https:\/\/api.w.org\/{rel}","templated":true}]}}