{"id":120818,"date":"2023-05-11T07:21:05","date_gmt":"2023-05-11T14:21:05","guid":{"rendered":"https:\/\/destinationindigenous.ca\/?p=120818"},"modified":"2023-06-15T09:28:58","modified_gmt":"2023-06-15T16:28:58","slug":"nourished-lands","status":"publish","type":"post","link":"https:\/\/destinationindigenous.ca\/fr\/blog\/nourished-lands\/","title":{"rendered":"Nourished Lands"},"content":{"rendered":"<p class=\"p1\"><span class=\"s1\"><b>Terres Nourries<\/b><\/span><\/p>\n<p class=\"p3\">Par Pachamama Films<\/p>\n<p class=\"p5\"><i>Destination Autochtone et l\u2019Association culinaire autochtone du Canada pr\u00e9sentent une s\u00e9rie d&rsquo;histoires explorant, d\u2019une perspective personnelle et rapproch\u00e9e, l&rsquo;h\u00e9ritage et les valeurs des pratiques culinaires ancestrales des Premi\u00e8res Nations et des Inuit au Canada.<\/i><\/p>\n<p class=\"p5\"><i>Cinq chefs autochtones de renom nous transportent dans un voyage \u00e0 la d\u00e9couverte de la cuisine autochtone, des valeurs et des fa\u00e7ons de faire transmises au fil des g\u00e9n\u00e9rations. On y apprend aussi sur la signification spirituelle et culturelle que rev\u00eat la cuisine autochtone pour ces chefs et leurs communaut\u00e9s.<\/i><\/p>\n<p class=\"p7\"><span class=\"s3\">\u00c9pisode 1 \u2013 <b>Siila Flaherty \u2013 \u00ab\u00a0L\u2019exaltation de la chasse\u00a0\u00bb<\/b><\/span><\/p>\n<p class=\"p5\">Silla Flaherty, une cheffe inuite r\u00e9sidant \u00e0 Iqaluit, au Nunavut, nous embarque dans son voyage de red\u00e9couverte culturelle par le biais de la cuisine. Joignez-vous \u00e0 une exp\u00e9dition de chasse sur la glace marine o\u00f9 vous apprendrez davantage sur l&rsquo;importance de la souverainet\u00e9 alimentaire et les pratiques traditionnelles suivies tout en d\u00e9couvrant les r\u00e9alit\u00e9s de la subsistance dans le giron de la toundra arctique.<\/p>\n<p><iframe loading=\"lazy\" title=\"YouTube video player\" src=\"https:\/\/www.youtube.com\/embed\/9WugnOzCtDo\" width=\"560\" height=\"315\" frameborder=\"0\" allowfullscreen=\"allowfullscreen\"><\/iframe><\/p>\n<p class=\"p7\"><span class=\"s3\">\u00c9pisode 2 \u2013 <b>Cezin Nottaway \u2013 \u00ab\u00a0La fille de l\u2019\u00e9rabli\u00e8re\u00a0\u00bb<\/b><\/span><\/p>\n<p class=\"p5\">Dans cet \u00e9pisode, la cheffe Cezin Nottaway nous convie dans ses routines quotidiennes dans la for\u00eat de Kitigan Zibi. En pause dans sa prestigieuse carri\u00e8re de cheffe, Cezin renoue avec ses racines et ses traditions culinaires. Nous nous joignons \u00e0 elle alors qu&rsquo;elle r\u00e9colte les richesses de la nature, de l&rsquo;entaillage des \u00e9rables au tannage des peaux.<\/p>\n<p><iframe loading=\"lazy\" title=\"YouTube video player\" src=\"https:\/\/www.youtube.com\/embed\/P0sxDUNs3rs\" width=\"560\" height=\"315\" frameborder=\"0\" allowfullscreen=\"allowfullscreen\"><\/iframe><\/p>\n<p class=\"p7\"><span class=\"s3\">\u00c9pisode 3 \u2013 <b>Joseph Shawana<\/b> <b>\u2013 \u00ab\u00a0La nourriture, c&rsquo;est la vie\u00a0\u00bb<\/b><\/span><\/p>\n<p class=\"p5\">Le chef Joseph Shawana explore son parcours culinaire, abordant l&rsquo;importance que sa jeunesse et son h\u00e9ritage y ont jou\u00e9. Pour Joseph, \u00ab\u00a0la nourriture, c&rsquo;est la vie\u00a0\u00bb \u2013 elle est facilement disponible tout autour de nous, il suffit de prendre le temps d\u2019observer et d&rsquo;apprendre. La cuisine de Joseph est une fusion des enseignements et saveurs culinaires autochtones et des styles occidentaux.<\/p>\n<p><iframe loading=\"lazy\" title=\"YouTube video player\" src=\"https:\/\/www.youtube.com\/embed\/77uKFhQg0DQ\" width=\"560\" height=\"315\" frameborder=\"0\" allowfullscreen=\"allowfullscreen\"><\/iframe><\/p>\n<p class=\"p7\"><span class=\"s3\">\u00c9pisode 4 \u2013 <b>Scott Iserhoff \u2013 \u00abRacines solides\u00bb<\/b><\/span><\/p>\n<p class=\"p5\">Scott Iserhoff, fondateur de Pei Pei Chei Ow, explore la cuisine autochtone \u00e0 travers ses propres souvenirs. R\u00e9sidant maintenant \u00e0 Edmonton avec sa femme et sa fille, il nous partage comment sa cuisine reconnecte les gens et les lieux, \u00e9voquant un sentiment de confort et de nostalgie.<\/p>\n<p><iframe loading=\"lazy\" title=\"YouTube video player\" src=\"https:\/\/www.youtube.com\/embed\/FKydrZFzVyE\" width=\"560\" height=\"315\" frameborder=\"0\" allowfullscreen=\"allowfullscreen\"><\/iframe><\/p>\n<p class=\"p5\"><span class=\"s5\">\u00c9pisode 5 \u2013 <b>Paul Natrall<\/b> <b>\u2013 \u00abLa confr\u00e9rie de bannique\u00bb<\/b><\/span><\/p>\n<p class=\"p5\">Nous nous joignons \u00e0 Paul Natrall, connu dans le coin sous le nom de \u00ab\u00a0Mr Bannock\u00a0\u00bb, alors qu&rsquo;il nous emm\u00e8ne \u00e0 travers son territoire d&rsquo;origine de la Nation Squamish. Nous explorons la pertinence du leadership communautaire et l\u2019importance de s&rsquo;approvisionner en ingr\u00e9dients locaux dans la cr\u00e9ation de son fameux food-truck.<\/p>\n<p><iframe loading=\"lazy\" title=\"YouTube video player\" src=\"https:\/\/www.youtube.com\/embed\/WlJtzeappus\" width=\"560\" height=\"315\" frameborder=\"0\" allowfullscreen=\"allowfullscreen\"><\/iframe><\/p>\n<p>&nbsp;<\/p>\n<p>&nbsp;<\/p>\n<p><script id=\"cr-init__855c1e52456f6440\" src=\"https:\/\/starling.crowdriff.com\/js\/crowdriff.js\" async><\/script><\/p>\n","protected":false},"excerpt":{"rendered":"<p>Terres Nourries Par Pachamama Films Destination Autochtone et l\u2019Association culinaire autochtone du Canada pr\u00e9sentent une s\u00e9rie d&rsquo;histoires explorant, d\u2019une perspective [&hellip;]<\/p>\n","protected":false},"author":39,"featured_media":124368,"comment_status":"closed","ping_status":"open","sticky":false,"template":"","format":"standard","meta":[],"categories":[4],"tags":[],"class_list":["post-120818","post","type-post","status-publish","format-standard","has-post-thumbnail","hentry","category-non-classifiee","region-alberta-fr","region-colombie-britannique","region-ile-du-prince-edouard","region-manitoba-fr","region-nouveau-brunswick","region-nouvelle-ecosse","region-nunavut-fr","region-ontario-fr","region-quebec-fr","region-saskatchewan-fr","region-territoire-du-nord-ouest","listing_sub_type-gastronomie"],"yoast_head":"<!-- This site is optimized with the Yoast SEO Premium plugin v24.2 (Yoast SEO v24.2) - https:\/\/yoast.com\/wordpress\/plugins\/seo\/ -->\n<title>Nourished Lands - Destination Indigenous<\/title>\n<meta name=\"description\" content=\"Terres Nourries Par Pachamama Films Destination Autochtone et l\u2019Association culinaire autochtone du Canada pr\u00e9sentent une s\u00e9rie d&#039;histoires explorant,\" \/>\n<meta name=\"robots\" content=\"index, follow, max-snippet:-1, max-image-preview:large, max-video-preview:-1\" \/>\n<link rel=\"canonical\" href=\"https:\/\/destinationindigenous.ca\/fr\/blog\/nourished-lands\/\" \/>\n<meta property=\"og:locale\" content=\"fr_FR\" \/>\n<meta property=\"og:type\" content=\"article\" \/>\n<meta property=\"og:title\" content=\"Nourished Lands\" \/>\n<meta property=\"og:description\" content=\"Terres Nourries Par Pachamama Films Destination Autochtone et l\u2019Association culinaire autochtone du Canada pr\u00e9sentent une s\u00e9rie d&#039;histoires explorant,\" \/>\n<meta property=\"og:url\" content=\"https:\/\/destinationindigenous.ca\/fr\/blog\/nourished-lands\/\" \/>\n<meta property=\"og:site_name\" content=\"DI - Planificateur de s\u00e9jour\" \/>\n<meta property=\"article:published_time\" content=\"2023-05-11T14:21:05+00:00\" \/>\n<meta property=\"article:modified_time\" content=\"2023-06-15T16:28:58+00:00\" \/>\n<meta property=\"og:image\" content=\"https:\/\/destinationindigenous.ca\/wp-content\/uploads\/2023\/05\/Untitled-design-80-1024x576.png\" \/>\n\t<meta property=\"og:image:width\" content=\"1024\" \/>\n\t<meta property=\"og:image:height\" content=\"576\" \/>\n\t<meta property=\"og:image:type\" content=\"image\/png\" \/>\n<meta name=\"author\" content=\"Zane Buchanan\" \/>\n<meta name=\"twitter:card\" content=\"summary_large_image\" \/>\n<meta name=\"twitter:label1\" content=\"\u00c9crit par\" \/>\n\t<meta name=\"twitter:data1\" content=\"Zane Buchanan\" \/>\n\t<meta name=\"twitter:label2\" content=\"Dur\u00e9e de lecture estim\u00e9e\" \/>\n\t<meta name=\"twitter:data2\" content=\"2 minutes\" \/>\n<script type=\"application\/ld+json\" class=\"yoast-schema-graph\">{\"@context\":\"https:\/\/schema.org\",\"@graph\":[{\"@type\":\"Article\",\"@id\":\"https:\/\/destinationindigenous.ca\/fr\/blog\/nourished-lands\/#article\",\"isPartOf\":{\"@id\":\"https:\/\/destinationindigenous.ca\/fr\/blog\/nourished-lands\/\"},\"author\":{\"name\":\"Zane Buchanan\",\"@id\":\"https:\/\/destinationindigenous.ca\/fr\/#\/schema\/person\/11dfc00354cd35941b37bbeb7a6e0d92\"},\"headline\":\"Nourished Lands\",\"datePublished\":\"2023-05-11T14:21:05+00:00\",\"dateModified\":\"2023-06-15T16:28:58+00:00\",\"mainEntityOfPage\":{\"@id\":\"https:\/\/destinationindigenous.ca\/fr\/blog\/nourished-lands\/\"},\"wordCount\":430,\"publisher\":{\"@id\":\"https:\/\/destinationindigenous.ca\/fr\/#organization\"},\"image\":{\"@id\":\"https:\/\/destinationindigenous.ca\/fr\/blog\/nourished-lands\/#primaryimage\"},\"thumbnailUrl\":\"https:\/\/destinationindigenous.ca\/wp-content\/uploads\/2023\/05\/Untitled-design-80.png\",\"articleSection\":[\"Non classifi\u00e9(e)\"],\"inLanguage\":\"fr-FR\"},{\"@type\":\"WebPage\",\"@id\":\"https:\/\/destinationindigenous.ca\/fr\/blog\/nourished-lands\/\",\"url\":\"https:\/\/destinationindigenous.ca\/fr\/blog\/nourished-lands\/\",\"name\":\"Nourished Lands - Destination Indigenous\",\"isPartOf\":{\"@id\":\"https:\/\/destinationindigenous.ca\/fr\/#website\"},\"primaryImageOfPage\":{\"@id\":\"https:\/\/destinationindigenous.ca\/fr\/blog\/nourished-lands\/#primaryimage\"},\"image\":{\"@id\":\"https:\/\/destinationindigenous.ca\/fr\/blog\/nourished-lands\/#primaryimage\"},\"thumbnailUrl\":\"https:\/\/destinationindigenous.ca\/wp-content\/uploads\/2023\/05\/Untitled-design-80.png\",\"datePublished\":\"2023-05-11T14:21:05+00:00\",\"dateModified\":\"2023-06-15T16:28:58+00:00\",\"description\":\"Terres Nourries Par Pachamama Films Destination Autochtone et l\u2019Association culinaire autochtone du Canada pr\u00e9sentent une s\u00e9rie d'histoires explorant,\",\"breadcrumb\":{\"@id\":\"https:\/\/destinationindigenous.ca\/fr\/blog\/nourished-lands\/#breadcrumb\"},\"inLanguage\":\"fr-FR\",\"potentialAction\":[{\"@type\":\"ReadAction\",\"target\":[\"https:\/\/destinationindigenous.ca\/fr\/blog\/nourished-lands\/\"]}]},{\"@type\":\"ImageObject\",\"inLanguage\":\"fr-FR\",\"@id\":\"https:\/\/destinationindigenous.ca\/fr\/blog\/nourished-lands\/#primaryimage\",\"url\":\"https:\/\/destinationindigenous.ca\/wp-content\/uploads\/2023\/05\/Untitled-design-80.png\",\"contentUrl\":\"https:\/\/destinationindigenous.ca\/wp-content\/uploads\/2023\/05\/Untitled-design-80.png\",\"width\":2560,\"height\":1440},{\"@type\":\"BreadcrumbList\",\"@id\":\"https:\/\/destinationindigenous.ca\/fr\/blog\/nourished-lands\/#breadcrumb\",\"itemListElement\":[{\"@type\":\"ListItem\",\"position\":1,\"name\":\"Home\",\"item\":\"https:\/\/destinationindigenous.ca\/fr\/\"},{\"@type\":\"ListItem\",\"position\":2,\"name\":\"Nourished Lands\"}]},{\"@type\":\"WebSite\",\"@id\":\"https:\/\/destinationindigenous.ca\/fr\/#website\",\"url\":\"https:\/\/destinationindigenous.ca\/fr\/\",\"name\":\"DI - Planificateur de s\u00e9jour\",\"description\":\"Indigenous travel experiences from across Canada\",\"publisher\":{\"@id\":\"https:\/\/destinationindigenous.ca\/fr\/#organization\"},\"potentialAction\":[{\"@type\":\"SearchAction\",\"target\":{\"@type\":\"EntryPoint\",\"urlTemplate\":\"https:\/\/destinationindigenous.ca\/fr\/?s={search_term_string}\"},\"query-input\":{\"@type\":\"PropertyValueSpecification\",\"valueRequired\":true,\"valueName\":\"search_term_string\"}}],\"inLanguage\":\"fr-FR\"},{\"@type\":\"Organization\",\"@id\":\"https:\/\/destinationindigenous.ca\/fr\/#organization\",\"name\":\"Destination Indigenous\",\"url\":\"https:\/\/destinationindigenous.ca\/fr\/\",\"logo\":{\"@type\":\"ImageObject\",\"inLanguage\":\"fr-FR\",\"@id\":\"https:\/\/destinationindigenous.ca\/fr\/#\/schema\/logo\/image\/\",\"url\":\"https:\/\/destinationindigenous.ca\/wp-content\/uploads\/2022\/08\/di-logo-navbar@2x.png\",\"contentUrl\":\"https:\/\/destinationindigenous.ca\/wp-content\/uploads\/2022\/08\/di-logo-navbar@2x.png\",\"width\":960,\"height\":61,\"caption\":\"Destination Indigenous\"},\"image\":{\"@id\":\"https:\/\/destinationindigenous.ca\/fr\/#\/schema\/logo\/image\/\"}},{\"@type\":\"Person\",\"@id\":\"https:\/\/destinationindigenous.ca\/fr\/#\/schema\/person\/11dfc00354cd35941b37bbeb7a6e0d92\",\"name\":\"Zane Buchanan\",\"description\":\"Zane, a M\u00e9tis writer, producer, and digital storyteller based in Vancouver, British Columbia, takes great pride in the diverse career path he has forged. Starting as a freelance journalist, he transitioned into travel media when he was appointed the 2019 Saskatchewanderer by Tourism Saskatchewan. This experience solidified his standing in the tourism sector and paved the way for his work with the Indigenous Tourism Association of Canada (ITAC). At ITAC, Zane contributes to the creative direction of The Original Original authentication program and Destination Indigenous (ITAC\u2019s consumer-facing presence). He oversees content and brand integrity while also serving as the executive editor of Nations Magazine. Beyond ITAC, Zane regularly contributes to Canadian Geographic, focusing on ethical travel. His contributions have earned him the esteemed title of a fellow of the Royal Canadian Geographical Society, and he serves as a judge for the Travel Media Association of Canada Awards. His leadership includes a direct partnership with the Assembly of First Nations, with whom he attended the Historic Papal Visits in Rome in April 2022, in line with the Truth and Reconciliation Commission\u2019s 94 Calls to Action. As a sought-after speaker, Zane has presented at renowned conferences and events such as South by Southwest (SXSW), The SEE Conference, The International Indigenous Tourism Conference (IITC), and The IMPACT Conference. His influence extends to other creative mediums, including presenting the Contemporary Indigenous Artist or Group of the Year Award at the Juno Awards Ceremony annually. Beyond his various roles, Zane is the founder and creative director of CIVL Creative, a digital agency designed to meet the unique needs of nonprofits and social enterprises.\",\"url\":\"https:\/\/destinationindigenous.ca\/fr\/blog\/author\/admin-zane\/\"}]}<\/script>\n<!-- \/ Yoast SEO Premium plugin. -->","yoast_head_json":{"title":"Nourished Lands - Destination Indigenous","description":"Terres Nourries Par Pachamama Films Destination Autochtone et l\u2019Association culinaire autochtone du Canada pr\u00e9sentent une s\u00e9rie d'histoires explorant,","robots":{"index":"index","follow":"follow","max-snippet":"max-snippet:-1","max-image-preview":"max-image-preview:large","max-video-preview":"max-video-preview:-1"},"canonical":"https:\/\/destinationindigenous.ca\/fr\/blog\/nourished-lands\/","og_locale":"fr_FR","og_type":"article","og_title":"Nourished Lands","og_description":"Terres Nourries Par Pachamama Films Destination Autochtone et l\u2019Association culinaire autochtone du Canada pr\u00e9sentent une s\u00e9rie d'histoires explorant,","og_url":"https:\/\/destinationindigenous.ca\/fr\/blog\/nourished-lands\/","og_site_name":"DI - Planificateur de s\u00e9jour","article_published_time":"2023-05-11T14:21:05+00:00","article_modified_time":"2023-06-15T16:28:58+00:00","og_image":[{"width":1024,"height":576,"url":"https:\/\/destinationindigenous.ca\/wp-content\/uploads\/2023\/05\/Untitled-design-80-1024x576.png","type":"image\/png"}],"author":"Zane Buchanan","twitter_card":"summary_large_image","twitter_misc":{"\u00c9crit par":"Zane Buchanan","Dur\u00e9e de lecture estim\u00e9e":"2 minutes"},"schema":{"@context":"https:\/\/schema.org","@graph":[{"@type":"Article","@id":"https:\/\/destinationindigenous.ca\/fr\/blog\/nourished-lands\/#article","isPartOf":{"@id":"https:\/\/destinationindigenous.ca\/fr\/blog\/nourished-lands\/"},"author":{"name":"Zane Buchanan","@id":"https:\/\/destinationindigenous.ca\/fr\/#\/schema\/person\/11dfc00354cd35941b37bbeb7a6e0d92"},"headline":"Nourished Lands","datePublished":"2023-05-11T14:21:05+00:00","dateModified":"2023-06-15T16:28:58+00:00","mainEntityOfPage":{"@id":"https:\/\/destinationindigenous.ca\/fr\/blog\/nourished-lands\/"},"wordCount":430,"publisher":{"@id":"https:\/\/destinationindigenous.ca\/fr\/#organization"},"image":{"@id":"https:\/\/destinationindigenous.ca\/fr\/blog\/nourished-lands\/#primaryimage"},"thumbnailUrl":"https:\/\/destinationindigenous.ca\/wp-content\/uploads\/2023\/05\/Untitled-design-80.png","articleSection":["Non classifi\u00e9(e)"],"inLanguage":"fr-FR"},{"@type":"WebPage","@id":"https:\/\/destinationindigenous.ca\/fr\/blog\/nourished-lands\/","url":"https:\/\/destinationindigenous.ca\/fr\/blog\/nourished-lands\/","name":"Nourished Lands - Destination Indigenous","isPartOf":{"@id":"https:\/\/destinationindigenous.ca\/fr\/#website"},"primaryImageOfPage":{"@id":"https:\/\/destinationindigenous.ca\/fr\/blog\/nourished-lands\/#primaryimage"},"image":{"@id":"https:\/\/destinationindigenous.ca\/fr\/blog\/nourished-lands\/#primaryimage"},"thumbnailUrl":"https:\/\/destinationindigenous.ca\/wp-content\/uploads\/2023\/05\/Untitled-design-80.png","datePublished":"2023-05-11T14:21:05+00:00","dateModified":"2023-06-15T16:28:58+00:00","description":"Terres Nourries Par Pachamama Films Destination Autochtone et l\u2019Association culinaire autochtone du Canada pr\u00e9sentent une s\u00e9rie d'histoires explorant,","breadcrumb":{"@id":"https:\/\/destinationindigenous.ca\/fr\/blog\/nourished-lands\/#breadcrumb"},"inLanguage":"fr-FR","potentialAction":[{"@type":"ReadAction","target":["https:\/\/destinationindigenous.ca\/fr\/blog\/nourished-lands\/"]}]},{"@type":"ImageObject","inLanguage":"fr-FR","@id":"https:\/\/destinationindigenous.ca\/fr\/blog\/nourished-lands\/#primaryimage","url":"https:\/\/destinationindigenous.ca\/wp-content\/uploads\/2023\/05\/Untitled-design-80.png","contentUrl":"https:\/\/destinationindigenous.ca\/wp-content\/uploads\/2023\/05\/Untitled-design-80.png","width":2560,"height":1440},{"@type":"BreadcrumbList","@id":"https:\/\/destinationindigenous.ca\/fr\/blog\/nourished-lands\/#breadcrumb","itemListElement":[{"@type":"ListItem","position":1,"name":"Home","item":"https:\/\/destinationindigenous.ca\/fr\/"},{"@type":"ListItem","position":2,"name":"Nourished Lands"}]},{"@type":"WebSite","@id":"https:\/\/destinationindigenous.ca\/fr\/#website","url":"https:\/\/destinationindigenous.ca\/fr\/","name":"DI - Planificateur de s\u00e9jour","description":"Indigenous travel experiences from across Canada","publisher":{"@id":"https:\/\/destinationindigenous.ca\/fr\/#organization"},"potentialAction":[{"@type":"SearchAction","target":{"@type":"EntryPoint","urlTemplate":"https:\/\/destinationindigenous.ca\/fr\/?s={search_term_string}"},"query-input":{"@type":"PropertyValueSpecification","valueRequired":true,"valueName":"search_term_string"}}],"inLanguage":"fr-FR"},{"@type":"Organization","@id":"https:\/\/destinationindigenous.ca\/fr\/#organization","name":"Destination Indigenous","url":"https:\/\/destinationindigenous.ca\/fr\/","logo":{"@type":"ImageObject","inLanguage":"fr-FR","@id":"https:\/\/destinationindigenous.ca\/fr\/#\/schema\/logo\/image\/","url":"https:\/\/destinationindigenous.ca\/wp-content\/uploads\/2022\/08\/di-logo-navbar@2x.png","contentUrl":"https:\/\/destinationindigenous.ca\/wp-content\/uploads\/2022\/08\/di-logo-navbar@2x.png","width":960,"height":61,"caption":"Destination Indigenous"},"image":{"@id":"https:\/\/destinationindigenous.ca\/fr\/#\/schema\/logo\/image\/"}},{"@type":"Person","@id":"https:\/\/destinationindigenous.ca\/fr\/#\/schema\/person\/11dfc00354cd35941b37bbeb7a6e0d92","name":"Zane Buchanan","description":"Zane, a M\u00e9tis writer, producer, and digital storyteller based in Vancouver, British Columbia, takes great pride in the diverse career path he has forged. Starting as a freelance journalist, he transitioned into travel media when he was appointed the 2019 Saskatchewanderer by Tourism Saskatchewan. This experience solidified his standing in the tourism sector and paved the way for his work with the Indigenous Tourism Association of Canada (ITAC). At ITAC, Zane contributes to the creative direction of The Original Original authentication program and Destination Indigenous (ITAC\u2019s consumer-facing presence). He oversees content and brand integrity while also serving as the executive editor of Nations Magazine. Beyond ITAC, Zane regularly contributes to Canadian Geographic, focusing on ethical travel. His contributions have earned him the esteemed title of a fellow of the Royal Canadian Geographical Society, and he serves as a judge for the Travel Media Association of Canada Awards. His leadership includes a direct partnership with the Assembly of First Nations, with whom he attended the Historic Papal Visits in Rome in April 2022, in line with the Truth and Reconciliation Commission\u2019s 94 Calls to Action. As a sought-after speaker, Zane has presented at renowned conferences and events such as South by Southwest (SXSW), The SEE Conference, The International Indigenous Tourism Conference (IITC), and The IMPACT Conference. His influence extends to other creative mediums, including presenting the Contemporary Indigenous Artist or Group of the Year Award at the Juno Awards Ceremony annually. Beyond his various roles, Zane is the founder and creative director of CIVL Creative, a digital agency designed to meet the unique needs of nonprofits and social enterprises.","url":"https:\/\/destinationindigenous.ca\/fr\/blog\/author\/admin-zane\/"}]}},"_links":{"self":[{"href":"https:\/\/destinationindigenous.ca\/fr\/wp-json\/wp\/v2\/posts\/120818","targetHints":{"allow":["GET"]}}],"collection":[{"href":"https:\/\/destinationindigenous.ca\/fr\/wp-json\/wp\/v2\/posts"}],"about":[{"href":"https:\/\/destinationindigenous.ca\/fr\/wp-json\/wp\/v2\/types\/post"}],"author":[{"embeddable":true,"href":"https:\/\/destinationindigenous.ca\/fr\/wp-json\/wp\/v2\/users\/39"}],"replies":[{"embeddable":true,"href":"https:\/\/destinationindigenous.ca\/fr\/wp-json\/wp\/v2\/comments?post=120818"}],"version-history":[{"count":0,"href":"https:\/\/destinationindigenous.ca\/fr\/wp-json\/wp\/v2\/posts\/120818\/revisions"}],"wp:featuredmedia":[{"embeddable":true,"href":"https:\/\/destinationindigenous.ca\/fr\/wp-json\/wp\/v2\/media\/124368"}],"wp:attachment":[{"href":"https:\/\/destinationindigenous.ca\/fr\/wp-json\/wp\/v2\/media?parent=120818"}],"wp:term":[{"taxonomy":"category","embeddable":true,"href":"https:\/\/destinationindigenous.ca\/fr\/wp-json\/wp\/v2\/categories?post=120818"},{"taxonomy":"post_tag","embeddable":true,"href":"https:\/\/destinationindigenous.ca\/fr\/wp-json\/wp\/v2\/tags?post=120818"}],"curies":[{"name":"wp","href":"https:\/\/api.w.org\/{rel}","templated":true}]}}