{"id":12741,"date":"2020-08-10T12:58:44","date_gmt":"2020-08-10T19:58:44","guid":{"rendered":"https:\/\/destinationindigenous.ca\/?p=12741"},"modified":"2020-12-10T15:09:48","modified_gmt":"2020-12-10T23:09:48","slug":"conseil-de-voyage-responsable","status":"publish","type":"post","link":"https:\/\/destinationindigenous.ca\/fr\/blog\/conseil-de-voyage-responsable\/","title":{"rendered":"Conseil de Voyage Responsable"},"content":{"rendered":"<h3>Voyages de Fa\u00e7on Responsable<\/h3>\n<p>Les voyageurs circulant au Canada peuvent \u00eatre soumis \u00e0 des mesures de sant\u00e9 publique provinciales, territoriales et locales lors de leur s\u00e9jour. Consultez <a href=\"https:\/\/cafr-keepexploring.canada.travel\/canada-genial?_ga=2.38595171.1706080582.1597087562-413726067.1597087562\">l&rsquo;hyperlien du site web de Destination Canada<\/a> pour conna\u00eetre les exigences et restrictions des provinces et territoires en mati\u00e8re de d\u00e9placements et d&rsquo;auto-isolement des voyageurs.<\/p>\n<h3>Les Exp\u00e9riences Autochtone Sont Ouvertes<\/h3>\n<p>Les communaut\u00e9s et les entreprises autochtones sont confront\u00e9es \u00e0 des d\u00e9fis et enjeux uniques lorsqu&rsquo;il s&rsquo;agit de d\u00e9cider quand et comment elles doivent s&rsquo;ouvrir aux visiteurs. Alors que les restrictions en mati\u00e8re de voyage et de rassemblement s&rsquo;assouplissent au Canada, nombre de nos principaux op\u00e9rateurs touristiques autochtones accueillent les visiteurs. D&rsquo;autres maintiennent des mesures strictes pour r\u00e9pondre \u00e0 la situation, notamment la fermeture compl\u00e8te de leur \u00e9tablissement pour le reste de l&rsquo;ann\u00e9e 2020.<\/p>\n<p>Nous respectons les choix des communaut\u00e9s et des entreprises autochtones durant cette p\u00e9riode. L&rsquo;Association touristique autochtone du Canada encourage les voyageurs \u00e0 respecter les interdictions de s\u00e9jour dans les communaut\u00e9s et \u00e0 soutenir l&rsquo;\u00e9conomie locale dans le cadre des activit\u00e9s touristiques autochtones.<\/p>\n<p>Pour conna\u00eetre les entreprises autochtones qui sont ouvertes, visiter <a href=\"https:\/\/destinationindigenous.ca\/fr\/map\">la carte<\/a>.<\/p>\n","protected":false},"excerpt":{"rendered":"<p>Voyages de Fa\u00e7on Responsable Les voyageurs circulant au Canada peuvent \u00eatre soumis \u00e0 des mesures de sant\u00e9 publique provinciales, territoriales [&hellip;]<\/p>\n","protected":false},"author":41,"featured_media":12742,"comment_status":"open","ping_status":"open","sticky":false,"template":"","format":"standard","meta":[],"categories":[4],"tags":[],"class_list":["post-12741","post","type-post","status-publish","format-standard","has-post-thumbnail","hentry","category-non-classifiee","the_post_type-blog-post"],"yoast_head":"<!-- This site is optimized with the Yoast SEO Premium plugin v24.2 (Yoast SEO v24.2) - https:\/\/yoast.com\/wordpress\/plugins\/seo\/ -->\n<title>Conseil de Voyage Responsable - Destination Autochtones<\/title>\n<meta name=\"description\" content=\"Les voyageurs circulant au Canada peuvent \u00eatre soumis \u00e0 des mesures de sant\u00e9 publique provinciales, territoriales et locales lors de leur s\u00e9jour.\" \/>\n<meta name=\"robots\" content=\"index, follow, max-snippet:-1, max-image-preview:large, max-video-preview:-1\" \/>\n<link rel=\"canonical\" href=\"https:\/\/destinationindigenous.ca\/fr\/blog\/conseil-de-voyage-responsable\/\" \/>\n<meta property=\"og:locale\" content=\"fr_FR\" \/>\n<meta property=\"og:type\" content=\"article\" \/>\n<meta property=\"og:title\" content=\"Conseil de Voyage Responsable\" \/>\n<meta property=\"og:description\" content=\"Les voyageurs circulant au Canada peuvent \u00eatre soumis \u00e0 des mesures de sant\u00e9 publique provinciales, territoriales et locales lors de leur s\u00e9jour.\" \/>\n<meta property=\"og:url\" content=\"https:\/\/destinationindigenous.ca\/fr\/blog\/conseil-de-voyage-responsable\/\" \/>\n<meta property=\"og:site_name\" content=\"DI - Planificateur de s\u00e9jour\" \/>\n<meta property=\"article:published_time\" content=\"2020-08-10T19:58:44+00:00\" \/>\n<meta property=\"article:modified_time\" content=\"2020-12-10T23:09:48+00:00\" \/>\n<meta property=\"og:image\" content=\"https:\/\/destinationindigenous.ca\/wp-content\/uploads\/2020\/08\/Screen-Shot-2020-08-10-at-12.08.24-PM.png\" \/>\n\t<meta property=\"og:image:width\" content=\"943\" \/>\n\t<meta property=\"og:image:height\" content=\"538\" \/>\n\t<meta property=\"og:image:type\" content=\"image\/png\" \/>\n<meta name=\"author\" content=\"ITAC-Admin\" \/>\n<meta name=\"twitter:card\" content=\"summary_large_image\" \/>\n<meta name=\"twitter:label1\" content=\"\u00c9crit par\" \/>\n\t<meta name=\"twitter:data1\" content=\"ITAC-Admin\" \/>\n\t<meta name=\"twitter:label2\" content=\"Dur\u00e9e de lecture estim\u00e9e\" \/>\n\t<meta name=\"twitter:data2\" content=\"1 minute\" \/>\n<script type=\"application\/ld+json\" class=\"yoast-schema-graph\">{\"@context\":\"https:\/\/schema.org\",\"@graph\":[{\"@type\":\"Article\",\"@id\":\"https:\/\/destinationindigenous.ca\/fr\/blog\/conseil-de-voyage-responsable\/#article\",\"isPartOf\":{\"@id\":\"https:\/\/destinationindigenous.ca\/fr\/blog\/conseil-de-voyage-responsable\/\"},\"author\":{\"name\":\"ITAC-Admin\",\"@id\":\"https:\/\/destinationindigenous.ca\/fr\/#\/schema\/person\/b08a8c54c8cdcb47a9396a554aa2b124\"},\"headline\":\"Conseil de Voyage Responsable\",\"datePublished\":\"2020-08-10T19:58:44+00:00\",\"dateModified\":\"2020-12-10T23:09:48+00:00\",\"mainEntityOfPage\":{\"@id\":\"https:\/\/destinationindigenous.ca\/fr\/blog\/conseil-de-voyage-responsable\/\"},\"wordCount\":203,\"commentCount\":0,\"publisher\":{\"@id\":\"https:\/\/destinationindigenous.ca\/fr\/#organization\"},\"image\":{\"@id\":\"https:\/\/destinationindigenous.ca\/fr\/blog\/conseil-de-voyage-responsable\/#primaryimage\"},\"thumbnailUrl\":\"https:\/\/destinationindigenous.ca\/wp-content\/uploads\/2020\/08\/Screen-Shot-2020-08-10-at-12.08.24-PM.png\",\"articleSection\":[\"Non classifi\u00e9(e)\"],\"inLanguage\":\"fr-FR\",\"potentialAction\":[{\"@type\":\"CommentAction\",\"name\":\"Comment\",\"target\":[\"https:\/\/destinationindigenous.ca\/fr\/blog\/conseil-de-voyage-responsable\/#respond\"]}]},{\"@type\":\"WebPage\",\"@id\":\"https:\/\/destinationindigenous.ca\/fr\/blog\/conseil-de-voyage-responsable\/\",\"url\":\"https:\/\/destinationindigenous.ca\/fr\/blog\/conseil-de-voyage-responsable\/\",\"name\":\"Conseil de Voyage Responsable - Destination Autochtones\",\"isPartOf\":{\"@id\":\"https:\/\/destinationindigenous.ca\/fr\/#website\"},\"primaryImageOfPage\":{\"@id\":\"https:\/\/destinationindigenous.ca\/fr\/blog\/conseil-de-voyage-responsable\/#primaryimage\"},\"image\":{\"@id\":\"https:\/\/destinationindigenous.ca\/fr\/blog\/conseil-de-voyage-responsable\/#primaryimage\"},\"thumbnailUrl\":\"https:\/\/destinationindigenous.ca\/wp-content\/uploads\/2020\/08\/Screen-Shot-2020-08-10-at-12.08.24-PM.png\",\"datePublished\":\"2020-08-10T19:58:44+00:00\",\"dateModified\":\"2020-12-10T23:09:48+00:00\",\"description\":\"Les voyageurs circulant au Canada peuvent \u00eatre soumis \u00e0 des mesures de sant\u00e9 publique provinciales, territoriales et locales lors de leur s\u00e9jour.\",\"breadcrumb\":{\"@id\":\"https:\/\/destinationindigenous.ca\/fr\/blog\/conseil-de-voyage-responsable\/#breadcrumb\"},\"inLanguage\":\"fr-FR\",\"potentialAction\":[{\"@type\":\"ReadAction\",\"target\":[\"https:\/\/destinationindigenous.ca\/fr\/blog\/conseil-de-voyage-responsable\/\"]}]},{\"@type\":\"ImageObject\",\"inLanguage\":\"fr-FR\",\"@id\":\"https:\/\/destinationindigenous.ca\/fr\/blog\/conseil-de-voyage-responsable\/#primaryimage\",\"url\":\"https:\/\/destinationindigenous.ca\/wp-content\/uploads\/2020\/08\/Screen-Shot-2020-08-10-at-12.08.24-PM.png\",\"contentUrl\":\"https:\/\/destinationindigenous.ca\/wp-content\/uploads\/2020\/08\/Screen-Shot-2020-08-10-at-12.08.24-PM.png\",\"width\":943,\"height\":538},{\"@type\":\"BreadcrumbList\",\"@id\":\"https:\/\/destinationindigenous.ca\/fr\/blog\/conseil-de-voyage-responsable\/#breadcrumb\",\"itemListElement\":[{\"@type\":\"ListItem\",\"position\":1,\"name\":\"Home\",\"item\":\"https:\/\/destinationindigenous.ca\/fr\/\"},{\"@type\":\"ListItem\",\"position\":2,\"name\":\"Conseil de Voyage Responsable\"}]},{\"@type\":\"WebSite\",\"@id\":\"https:\/\/destinationindigenous.ca\/fr\/#website\",\"url\":\"https:\/\/destinationindigenous.ca\/fr\/\",\"name\":\"DI - Planificateur de s\u00e9jour\",\"description\":\"Indigenous travel experiences from across Canada\",\"publisher\":{\"@id\":\"https:\/\/destinationindigenous.ca\/fr\/#organization\"},\"potentialAction\":[{\"@type\":\"SearchAction\",\"target\":{\"@type\":\"EntryPoint\",\"urlTemplate\":\"https:\/\/destinationindigenous.ca\/fr\/?s={search_term_string}\"},\"query-input\":{\"@type\":\"PropertyValueSpecification\",\"valueRequired\":true,\"valueName\":\"search_term_string\"}}],\"inLanguage\":\"fr-FR\"},{\"@type\":\"Organization\",\"@id\":\"https:\/\/destinationindigenous.ca\/fr\/#organization\",\"name\":\"Destination Indigenous\",\"url\":\"https:\/\/destinationindigenous.ca\/fr\/\",\"logo\":{\"@type\":\"ImageObject\",\"inLanguage\":\"fr-FR\",\"@id\":\"https:\/\/destinationindigenous.ca\/fr\/#\/schema\/logo\/image\/\",\"url\":\"https:\/\/destinationindigenous.ca\/wp-content\/uploads\/2022\/08\/di-logo-navbar@2x.png\",\"contentUrl\":\"https:\/\/destinationindigenous.ca\/wp-content\/uploads\/2022\/08\/di-logo-navbar@2x.png\",\"width\":960,\"height\":61,\"caption\":\"Destination Indigenous\"},\"image\":{\"@id\":\"https:\/\/destinationindigenous.ca\/fr\/#\/schema\/logo\/image\/\"}},{\"@type\":\"Person\",\"@id\":\"https:\/\/destinationindigenous.ca\/fr\/#\/schema\/person\/b08a8c54c8cdcb47a9396a554aa2b124\",\"name\":\"ITAC-Admin\",\"url\":\"https:\/\/destinationindigenous.ca\/fr\/blog\/author\/itac-admin\/\"}]}<\/script>\n<!-- \/ Yoast SEO Premium plugin. -->","yoast_head_json":{"title":"Conseil de Voyage Responsable - Destination Autochtones","description":"Les voyageurs circulant au Canada peuvent \u00eatre soumis \u00e0 des mesures de sant\u00e9 publique provinciales, territoriales et locales lors de leur s\u00e9jour.","robots":{"index":"index","follow":"follow","max-snippet":"max-snippet:-1","max-image-preview":"max-image-preview:large","max-video-preview":"max-video-preview:-1"},"canonical":"https:\/\/destinationindigenous.ca\/fr\/blog\/conseil-de-voyage-responsable\/","og_locale":"fr_FR","og_type":"article","og_title":"Conseil de Voyage Responsable","og_description":"Les voyageurs circulant au Canada peuvent \u00eatre soumis \u00e0 des mesures de sant\u00e9 publique provinciales, territoriales et locales lors de leur s\u00e9jour.","og_url":"https:\/\/destinationindigenous.ca\/fr\/blog\/conseil-de-voyage-responsable\/","og_site_name":"DI - Planificateur de s\u00e9jour","article_published_time":"2020-08-10T19:58:44+00:00","article_modified_time":"2020-12-10T23:09:48+00:00","og_image":[{"width":943,"height":538,"url":"https:\/\/destinationindigenous.ca\/wp-content\/uploads\/2020\/08\/Screen-Shot-2020-08-10-at-12.08.24-PM.png","type":"image\/png"}],"author":"ITAC-Admin","twitter_card":"summary_large_image","twitter_misc":{"\u00c9crit par":"ITAC-Admin","Dur\u00e9e de lecture estim\u00e9e":"1 minute"},"schema":{"@context":"https:\/\/schema.org","@graph":[{"@type":"Article","@id":"https:\/\/destinationindigenous.ca\/fr\/blog\/conseil-de-voyage-responsable\/#article","isPartOf":{"@id":"https:\/\/destinationindigenous.ca\/fr\/blog\/conseil-de-voyage-responsable\/"},"author":{"name":"ITAC-Admin","@id":"https:\/\/destinationindigenous.ca\/fr\/#\/schema\/person\/b08a8c54c8cdcb47a9396a554aa2b124"},"headline":"Conseil de Voyage Responsable","datePublished":"2020-08-10T19:58:44+00:00","dateModified":"2020-12-10T23:09:48+00:00","mainEntityOfPage":{"@id":"https:\/\/destinationindigenous.ca\/fr\/blog\/conseil-de-voyage-responsable\/"},"wordCount":203,"commentCount":0,"publisher":{"@id":"https:\/\/destinationindigenous.ca\/fr\/#organization"},"image":{"@id":"https:\/\/destinationindigenous.ca\/fr\/blog\/conseil-de-voyage-responsable\/#primaryimage"},"thumbnailUrl":"https:\/\/destinationindigenous.ca\/wp-content\/uploads\/2020\/08\/Screen-Shot-2020-08-10-at-12.08.24-PM.png","articleSection":["Non classifi\u00e9(e)"],"inLanguage":"fr-FR","potentialAction":[{"@type":"CommentAction","name":"Comment","target":["https:\/\/destinationindigenous.ca\/fr\/blog\/conseil-de-voyage-responsable\/#respond"]}]},{"@type":"WebPage","@id":"https:\/\/destinationindigenous.ca\/fr\/blog\/conseil-de-voyage-responsable\/","url":"https:\/\/destinationindigenous.ca\/fr\/blog\/conseil-de-voyage-responsable\/","name":"Conseil de Voyage Responsable - Destination Autochtones","isPartOf":{"@id":"https:\/\/destinationindigenous.ca\/fr\/#website"},"primaryImageOfPage":{"@id":"https:\/\/destinationindigenous.ca\/fr\/blog\/conseil-de-voyage-responsable\/#primaryimage"},"image":{"@id":"https:\/\/destinationindigenous.ca\/fr\/blog\/conseil-de-voyage-responsable\/#primaryimage"},"thumbnailUrl":"https:\/\/destinationindigenous.ca\/wp-content\/uploads\/2020\/08\/Screen-Shot-2020-08-10-at-12.08.24-PM.png","datePublished":"2020-08-10T19:58:44+00:00","dateModified":"2020-12-10T23:09:48+00:00","description":"Les voyageurs circulant au Canada peuvent \u00eatre soumis \u00e0 des mesures de sant\u00e9 publique provinciales, territoriales et locales lors de leur s\u00e9jour.","breadcrumb":{"@id":"https:\/\/destinationindigenous.ca\/fr\/blog\/conseil-de-voyage-responsable\/#breadcrumb"},"inLanguage":"fr-FR","potentialAction":[{"@type":"ReadAction","target":["https:\/\/destinationindigenous.ca\/fr\/blog\/conseil-de-voyage-responsable\/"]}]},{"@type":"ImageObject","inLanguage":"fr-FR","@id":"https:\/\/destinationindigenous.ca\/fr\/blog\/conseil-de-voyage-responsable\/#primaryimage","url":"https:\/\/destinationindigenous.ca\/wp-content\/uploads\/2020\/08\/Screen-Shot-2020-08-10-at-12.08.24-PM.png","contentUrl":"https:\/\/destinationindigenous.ca\/wp-content\/uploads\/2020\/08\/Screen-Shot-2020-08-10-at-12.08.24-PM.png","width":943,"height":538},{"@type":"BreadcrumbList","@id":"https:\/\/destinationindigenous.ca\/fr\/blog\/conseil-de-voyage-responsable\/#breadcrumb","itemListElement":[{"@type":"ListItem","position":1,"name":"Home","item":"https:\/\/destinationindigenous.ca\/fr\/"},{"@type":"ListItem","position":2,"name":"Conseil de Voyage Responsable"}]},{"@type":"WebSite","@id":"https:\/\/destinationindigenous.ca\/fr\/#website","url":"https:\/\/destinationindigenous.ca\/fr\/","name":"DI - Planificateur de s\u00e9jour","description":"Indigenous travel experiences from across Canada","publisher":{"@id":"https:\/\/destinationindigenous.ca\/fr\/#organization"},"potentialAction":[{"@type":"SearchAction","target":{"@type":"EntryPoint","urlTemplate":"https:\/\/destinationindigenous.ca\/fr\/?s={search_term_string}"},"query-input":{"@type":"PropertyValueSpecification","valueRequired":true,"valueName":"search_term_string"}}],"inLanguage":"fr-FR"},{"@type":"Organization","@id":"https:\/\/destinationindigenous.ca\/fr\/#organization","name":"Destination Indigenous","url":"https:\/\/destinationindigenous.ca\/fr\/","logo":{"@type":"ImageObject","inLanguage":"fr-FR","@id":"https:\/\/destinationindigenous.ca\/fr\/#\/schema\/logo\/image\/","url":"https:\/\/destinationindigenous.ca\/wp-content\/uploads\/2022\/08\/di-logo-navbar@2x.png","contentUrl":"https:\/\/destinationindigenous.ca\/wp-content\/uploads\/2022\/08\/di-logo-navbar@2x.png","width":960,"height":61,"caption":"Destination Indigenous"},"image":{"@id":"https:\/\/destinationindigenous.ca\/fr\/#\/schema\/logo\/image\/"}},{"@type":"Person","@id":"https:\/\/destinationindigenous.ca\/fr\/#\/schema\/person\/b08a8c54c8cdcb47a9396a554aa2b124","name":"ITAC-Admin","url":"https:\/\/destinationindigenous.ca\/fr\/blog\/author\/itac-admin\/"}]}},"_links":{"self":[{"href":"https:\/\/destinationindigenous.ca\/fr\/wp-json\/wp\/v2\/posts\/12741","targetHints":{"allow":["GET"]}}],"collection":[{"href":"https:\/\/destinationindigenous.ca\/fr\/wp-json\/wp\/v2\/posts"}],"about":[{"href":"https:\/\/destinationindigenous.ca\/fr\/wp-json\/wp\/v2\/types\/post"}],"author":[{"embeddable":true,"href":"https:\/\/destinationindigenous.ca\/fr\/wp-json\/wp\/v2\/users\/41"}],"replies":[{"embeddable":true,"href":"https:\/\/destinationindigenous.ca\/fr\/wp-json\/wp\/v2\/comments?post=12741"}],"version-history":[{"count":0,"href":"https:\/\/destinationindigenous.ca\/fr\/wp-json\/wp\/v2\/posts\/12741\/revisions"}],"wp:featuredmedia":[{"embeddable":true,"href":"https:\/\/destinationindigenous.ca\/fr\/wp-json\/wp\/v2\/media\/12742"}],"wp:attachment":[{"href":"https:\/\/destinationindigenous.ca\/fr\/wp-json\/wp\/v2\/media?parent=12741"}],"wp:term":[{"taxonomy":"category","embeddable":true,"href":"https:\/\/destinationindigenous.ca\/fr\/wp-json\/wp\/v2\/categories?post=12741"},{"taxonomy":"post_tag","embeddable":true,"href":"https:\/\/destinationindigenous.ca\/fr\/wp-json\/wp\/v2\/tags?post=12741"}],"curies":[{"name":"wp","href":"https:\/\/api.w.org\/{rel}","templated":true}]}}