{"id":14502,"date":"2020-11-24T13:56:36","date_gmt":"2020-11-24T21:56:36","guid":{"rendered":"https:\/\/destinationindigenous.ca\/?p=14502"},"modified":"2020-12-10T15:01:21","modified_gmt":"2020-12-10T23:01:21","slug":"experts-de-la-destination","status":"publish","type":"post","link":"https:\/\/destinationindigenous.ca\/fr\/blog\/experts-de-la-destination\/","title":{"rendered":"Experts de la destination"},"content":{"rendered":"<p><img loading=\"lazy\" decoding=\"async\" class=\"alignnone size-full wp-image-14534\" src=\"https:\/\/destinationindigenous.ca\/wp-content\/uploads\/2020\/11\/Andrew-Germain.jpeg\" alt=\"\" width=\"800\" height=\"600\" srcset=\"https:\/\/destinationindigenous.ca\/wp-content\/uploads\/2020\/11\/Andrew-Germain.jpeg 800w, https:\/\/destinationindigenous.ca\/wp-content\/uploads\/2020\/11\/Andrew-Germain-300x225.jpeg 300w, https:\/\/destinationindigenous.ca\/wp-content\/uploads\/2020\/11\/Andrew-Germain-768x576.jpeg 768w\" sizes=\"auto, (max-width: 800px) 100vw, 800px\" \/><\/p>\n<h2><strong>Andrew Germain, Tourisme Autochtone Qu\u00e9bec<\/strong><\/h2>\n<p><span style=\"font-weight: 400;\">\u00c9tant un nouveau venu dans l\u2019industrie du tourisme, c\u2019est un honneur d\u2019avoir l\u2019occasion d\u2019apprendre et de repr\u00e9senter la diversit\u00e9 de notre si belle culture autochtone. La pand\u00e9mie actuelle a d\u00e9montr\u00e9 la r\u00e9silience de nos entreprises et je suis vraiment fier de les aider \u00e0 faire face \u00e0 cette crise sans pr\u00e9c\u00e9dent.<\/span><\/p>\n<p>&nbsp;<\/p>\n<p><img loading=\"lazy\" decoding=\"async\" class=\"alignnone size-full wp-image-14537\" src=\"https:\/\/destinationindigenous.ca\/wp-content\/uploads\/2020\/11\/Andrew-McDonald-1.jpeg\" alt=\"\" width=\"800\" height=\"600\" srcset=\"https:\/\/destinationindigenous.ca\/wp-content\/uploads\/2020\/11\/Andrew-McDonald-1.jpeg 800w, https:\/\/destinationindigenous.ca\/wp-content\/uploads\/2020\/11\/Andrew-McDonald-1-300x225.jpeg 300w, https:\/\/destinationindigenous.ca\/wp-content\/uploads\/2020\/11\/Andrew-McDonald-1-768x576.jpeg 768w\" sizes=\"auto, (max-width: 800px) 100vw, 800px\" \/><\/p>\n<h2><strong>Andrew McDonald, directeur marketing et communication, Wanuskewin Heritage Park\u00a0<\/strong><\/h2>\n<p><span style=\"font-weight: 400;\">Je suis honor\u00e9 de travailler chez Wanuskewin. En tant que non-Autochtone, j&rsquo;appr\u00e9cie les occasions d&rsquo;apprendre de nos A\u00een\u00e9s et de notre personnel alors que nous cr\u00e9ons des exp\u00e9riences immersives bas\u00e9es sur des v\u00e9rit\u00e9s historiques et culturelles. Je suis tr\u00e8s fier de savoir que nous effectuons un important travail de r\u00e9conciliation qui aura un impact positif sur notre communaut\u00e9.\u00a0<\/span><\/p>\n<p>&nbsp;<\/p>\n<p><span style=\"font-weight: 400;\"><img loading=\"lazy\" decoding=\"async\" class=\"alignnone size-full wp-image-14506\" src=\"https:\/\/destinationindigenous.ca\/wp-content\/uploads\/2020\/11\/Untitled-design-37.jpg\" alt=\"\" width=\"800\" height=\"600\" srcset=\"https:\/\/destinationindigenous.ca\/wp-content\/uploads\/2020\/11\/Untitled-design-37.jpg 800w, https:\/\/destinationindigenous.ca\/wp-content\/uploads\/2020\/11\/Untitled-design-37-300x225.jpg 300w, https:\/\/destinationindigenous.ca\/wp-content\/uploads\/2020\/11\/Untitled-design-37-768x576.jpg 768w\" sizes=\"auto, (max-width: 800px) 100vw, 800px\" \/><\/span><\/p>\n<h2><strong>Roberta Wally, jeune de la Premi\u00e8re Nation de Carcross\/Tagish<\/strong><\/h2>\n<p><span style=\"font-weight: 400;\">Faire partie de quelque chose qui est plus grand que soi tout en essayant de son mieux et de la bonne mani\u00e8re est la fa\u00e7on dont nous essayons de tout faire. C&rsquo;est ce que j&rsquo;aime voir\u00a0; tout le monde travaillant ensemble dans un but plus grand. C&rsquo;est notre maison et notre mode de vie.<\/span><\/p>\n<p>&nbsp;<\/p>\n<p><img loading=\"lazy\" decoding=\"async\" class=\"alignnone size-full wp-image-14540\" src=\"https:\/\/destinationindigenous.ca\/wp-content\/uploads\/2020\/11\/ISTCHEE-BAIE.jpeg\" alt=\"\" width=\"800\" height=\"600\" srcset=\"https:\/\/destinationindigenous.ca\/wp-content\/uploads\/2020\/11\/ISTCHEE-BAIE.jpeg 800w, https:\/\/destinationindigenous.ca\/wp-content\/uploads\/2020\/11\/ISTCHEE-BAIE-300x225.jpeg 300w, https:\/\/destinationindigenous.ca\/wp-content\/uploads\/2020\/11\/ISTCHEE-BAIE-768x576.jpeg 768w\" sizes=\"auto, (max-width: 800px) 100vw, 800px\" \/><\/p>\n<h2><strong>Robin McGinley, directrice g\u00e9n\u00e9rale, Voyages Eeyou Istchee Baie-James Inc.<\/strong><\/h2>\n<p><span style=\"font-weight: 400;\">Wachiya\u00a0! Je vis mon r\u00eave depuis 20 ans en travaillant pour la Cree Outfitting and Tourism Association (COTA). J&rsquo;adore collaborer avec nos communaut\u00e9s et nos entrepreneurs pour un tourisme durable \u00e0 Eeyou Istchee. Le tourisme est un moyen id\u00e9al de pr\u00e9server notre culture et de cr\u00e9er des opportunit\u00e9s pour nos jeunes.<\/span><\/p>\n<p>&nbsp;<\/p>\n<p><img loading=\"lazy\" decoding=\"async\" class=\"alignnone size-full wp-image-14508\" src=\"https:\/\/destinationindigenous.ca\/wp-content\/uploads\/2020\/11\/Untitled-design-39.jpg\" alt=\"\" width=\"800\" height=\"600\" srcset=\"https:\/\/destinationindigenous.ca\/wp-content\/uploads\/2020\/11\/Untitled-design-39.jpg 800w, https:\/\/destinationindigenous.ca\/wp-content\/uploads\/2020\/11\/Untitled-design-39-300x225.jpg 300w, https:\/\/destinationindigenous.ca\/wp-content\/uploads\/2020\/11\/Untitled-design-39-768x576.jpg 768w\" sizes=\"auto, (max-width: 800px) 100vw, 800px\" \/><\/p>\n<h2><strong>Dustin Peltier, Wikwemikong Tourism Information Centre<\/strong><\/h2>\n<p><span style=\"font-weight: 400;\">Reconnu comme la \u00ab capitale culturelle du Canada \u00bb en 2006, le territoire non c\u00e9d\u00e9 de Wiikwemkoong abrite une communaut\u00e9 fi\u00e8re et progressiste. Wikwemikong Tourism est fier de faire d\u00e9couvrir la culture anishinaabek de notre communaut\u00e9 \u00e0 travers des visites guid\u00e9es et en organisant des \u00e9v\u00e9nements qui attirent des gens du monde entier.<\/span><\/p>\n<p>&nbsp;<\/p>\n<p><span style=\"font-weight: 400;\"><img loading=\"lazy\" decoding=\"async\" class=\"alignnone size-full wp-image-14541\" src=\"https:\/\/destinationindigenous.ca\/wp-content\/uploads\/2020\/11\/HALDlWrA.jpeg\" alt=\"\" width=\"800\" height=\"600\" srcset=\"https:\/\/destinationindigenous.ca\/wp-content\/uploads\/2020\/11\/HALDlWrA.jpeg 800w, https:\/\/destinationindigenous.ca\/wp-content\/uploads\/2020\/11\/HALDlWrA-300x225.jpeg 300w, https:\/\/destinationindigenous.ca\/wp-content\/uploads\/2020\/11\/HALDlWrA-768x576.jpeg 768w\" sizes=\"auto, (max-width: 800px) 100vw, 800px\" \/><\/span><\/p>\n<h2><strong>Kim Chechoo, agente au tourisme, Premi\u00e8re Nation crie de Moose<\/strong><\/h2>\n<p><span style=\"font-weight: 400;\">Nous sommes l&rsquo;\u00e9quipe de tourisme de la Premi\u00e8re Nation crie de Moose situ\u00e9e sur l&rsquo;\u00eele de Moose Factory. Nous sommes fiers et tr\u00e8s honor\u00e9s d\u2019\u00eatre issus d&rsquo;une communaut\u00e9 qui rec\u00e8le tant de beaut\u00e9 dans ses r\u00e9gions. Nous offrons une exp\u00e9rience d\u2019apprentissage pratique \u00e0 ceux qui viennent nous rendre visite.<\/span><\/p>\n<p>&nbsp;<\/p>\n<p><img loading=\"lazy\" decoding=\"async\" class=\"alignnone size-full wp-image-14539\" src=\"https:\/\/destinationindigenous.ca\/wp-content\/uploads\/2020\/11\/Katie-Johnson.jpeg\" alt=\"\" width=\"800\" height=\"600\" srcset=\"https:\/\/destinationindigenous.ca\/wp-content\/uploads\/2020\/11\/Katie-Johnson.jpeg 800w, https:\/\/destinationindigenous.ca\/wp-content\/uploads\/2020\/11\/Katie-Johnson-300x225.jpeg 300w, https:\/\/destinationindigenous.ca\/wp-content\/uploads\/2020\/11\/Katie-Johnson-768x576.jpeg 768w\" sizes=\"auto, (max-width: 800px) 100vw, 800px\" \/><\/p>\n<h2><strong>Katie Johnson,\u00a0directrice des programmes et des partenariats, Yukon First Nations Culture and Tourism Association\u00a0<\/strong><\/h2>\n<p><span style=\"font-weight: 400;\">J&rsquo;aime ce lien avec nos peuples et communaut\u00e9s autochtones. Le travail que nous accomplissons au Yukon First Nations Culture and Tourism Association me permet de cr\u00e9er des opportunit\u00e9s pour les Premi\u00e8res Nations au Yukon par le biais de projets et d&rsquo;\u00e9v\u00e9nements cr\u00e9atifs et novateurs dans les secteurs du tourisme et de la culture.<\/span><\/p>\n<p>&nbsp;<\/p>\n<p><img loading=\"lazy\" decoding=\"async\" class=\"alignnone size-full wp-image-14504\" src=\"https:\/\/destinationindigenous.ca\/wp-content\/uploads\/2020\/11\/Untitled-design-35.jpg\" alt=\"\" width=\"800\" height=\"600\" srcset=\"https:\/\/destinationindigenous.ca\/wp-content\/uploads\/2020\/11\/Untitled-design-35.jpg 800w, https:\/\/destinationindigenous.ca\/wp-content\/uploads\/2020\/11\/Untitled-design-35-300x225.jpg 300w, https:\/\/destinationindigenous.ca\/wp-content\/uploads\/2020\/11\/Untitled-design-35-768x576.jpg 768w\" sizes=\"auto, (max-width: 800px) 100vw, 800px\" \/><\/p>\n<h2><strong>Jillian Larkham, directrice du tourisme, gouvernement du Nunatsiavut\u00a0<\/strong><\/h2>\n<p><span style=\"font-weight: 400;\">J&rsquo;adore travailler avec les communaut\u00e9s et les partenaires. Je vois le tourisme comme un moyen de pr\u00e9server notre culture et nos histoires. H\u00e9bron est \u00e9galement tr\u00e8s important pour moi\u00a0; les Inuit ont \u00e9t\u00e9 forc\u00e9s de d\u00e9m\u00e9nager, mais gr\u00e2ce \u00e0 nos programmes, nous pouvons les ramener. Maintenant nous partageons nos histoires avec tout le monde.<\/span><\/p>\n<p>&nbsp;<\/p>\n<p><img loading=\"lazy\" decoding=\"async\" class=\"alignnone size-full wp-image-14509\" src=\"https:\/\/destinationindigenous.ca\/wp-content\/uploads\/2020\/11\/Untitled-design-40.jpg\" alt=\"\" width=\"800\" height=\"600\" srcset=\"https:\/\/destinationindigenous.ca\/wp-content\/uploads\/2020\/11\/Untitled-design-40.jpg 800w, https:\/\/destinationindigenous.ca\/wp-content\/uploads\/2020\/11\/Untitled-design-40-300x225.jpg 300w, https:\/\/destinationindigenous.ca\/wp-content\/uploads\/2020\/11\/Untitled-design-40-768x576.jpg 768w\" sizes=\"auto, (max-width: 800px) 100vw, 800px\" \/><\/p>\n<h2><strong>Kimberley Cross, Tourisme Kahnawake<\/strong><\/h2>\n<p><span style=\"font-weight: 400;\">Kahnawake est ma ville natale. J&rsquo;aime le fait que lorsque j\u2019accueille des visiteurs et que je les emm\u00e8ne dans notre communaut\u00e9, ils se sentent comme faisant partie de la famille. Nous leur montrons qui nous sommes, nous avons des conversations, nous leur racontons les histoires de notre pass\u00e9 et de notre pr\u00e9sent. Je suis fi\u00e8re de faire d\u00e9couvrir notre communaut\u00e9 dont la culture, la langue et l\u2019histoire sont si riches.<\/span><\/p>\n<p>&nbsp;<\/p>\n<p><img loading=\"lazy\" decoding=\"async\" class=\"alignnone size-full wp-image-14505\" src=\"https:\/\/destinationindigenous.ca\/wp-content\/uploads\/2020\/11\/Untitled-design-36.jpg\" alt=\"\" width=\"800\" height=\"600\" srcset=\"https:\/\/destinationindigenous.ca\/wp-content\/uploads\/2020\/11\/Untitled-design-36.jpg 800w, https:\/\/destinationindigenous.ca\/wp-content\/uploads\/2020\/11\/Untitled-design-36-300x225.jpg 300w, https:\/\/destinationindigenous.ca\/wp-content\/uploads\/2020\/11\/Untitled-design-36-768x576.jpg 768w\" sizes=\"auto, (max-width: 800px) 100vw, 800px\" \/><\/p>\n<h2><strong>Shae Bird, directeur g\u00e9n\u00e9ral, Tourisme Autochtone Alberta<\/strong><\/h2>\n<p><span style=\"font-weight: 400;\">Je suis tr\u00e8s chanceux de repr\u00e9senter les diverses communaut\u00e9s et entrepreneurs autochtones sur le territoire des trait\u00e9s 6, 7 et 8, ainsi que sur la terre natale des M\u00e9tis. Il y a un \u00e9ventail diversifi\u00e9 d&rsquo;exp\u00e9riences culturelles, de traditions et d&rsquo;histoire \u00e0 travers l&rsquo;Alberta. \u00catre en mesure de repr\u00e9senter et de soutenir cette diversit\u00e9 l\u00e0 o\u00f9 je vis est g\u00e9nial.<\/span><\/p>\n<p>&nbsp;<\/p>\n<p><img loading=\"lazy\" decoding=\"async\" class=\"alignnone size-full wp-image-14507\" src=\"https:\/\/destinationindigenous.ca\/wp-content\/uploads\/2020\/11\/Untitled-design-38.jpg\" alt=\"\" width=\"800\" height=\"600\" srcset=\"https:\/\/destinationindigenous.ca\/wp-content\/uploads\/2020\/11\/Untitled-design-38.jpg 800w, https:\/\/destinationindigenous.ca\/wp-content\/uploads\/2020\/11\/Untitled-design-38-300x225.jpg 300w, https:\/\/destinationindigenous.ca\/wp-content\/uploads\/2020\/11\/Untitled-design-38-768x576.jpg 768w\" sizes=\"auto, (max-width: 800px) 100vw, 800px\" \/><\/p>\n<h2><strong>Jamie Thomas, directrice \u2013 culture et tourisme, Premi\u00e8re Nation de Lennox Island\u00a0<\/strong><\/h2>\n<p><span style=\"font-weight: 400;\">Notre peuple est tr\u00e8s fier de sa culture micmaque. J\u2019aime le fait que nous oeuvrons ensemble pour revitaliser notre langue, pratiquer notre culture et participer \u00e0 des c\u00e9r\u00e9monies traditionnelles. Cr\u00e9er des exp\u00e9riences uniques qui nous permettent d&rsquo;\u00e9duquer les visiteurs sur notre v\u00e9ritable histoire est l&rsquo;un des \u00e9l\u00e9ments les plus gratifiants de ce que nous faisons.<\/span><\/p>\n<p>&nbsp;<\/p>\n<p><img loading=\"lazy\" decoding=\"async\" class=\"alignnone size-full wp-image-14538\" src=\"https:\/\/destinationindigenous.ca\/wp-content\/uploads\/2020\/11\/Samantha-Rullin.jpeg\" alt=\"\" width=\"800\" height=\"600\" srcset=\"https:\/\/destinationindigenous.ca\/wp-content\/uploads\/2020\/11\/Samantha-Rullin.jpeg 800w, https:\/\/destinationindigenous.ca\/wp-content\/uploads\/2020\/11\/Samantha-Rullin-300x225.jpeg 300w, https:\/\/destinationindigenous.ca\/wp-content\/uploads\/2020\/11\/Samantha-Rullin-768x576.jpeg 768w\" sizes=\"auto, (max-width: 800px) 100vw, 800px\" \/><\/p>\n<h2><strong>Samantha Rullin, coordonnatrice \u2013 membres et marketing, Indigenous Tourism B.C.<\/strong><\/h2>\n<p><span style=\"font-weight: 400;\">La Colombie-Britannique compte plus de 200 Premi\u00e8res Nations et j&rsquo;aime apprendre \u00e0 les conna\u00eetre. Je suis fi\u00e8re de ce que nous faisons en tant qu\u2019organisation pour soutenir les communaut\u00e9s autochtones d\u2019une mani\u00e8re qui respecte nos traditions et nos valeurs autochtones, tout en leur offrant la possibilit\u00e9 de participer \u00e0 l\u2019\u00e9conomie mondiale.<\/span><\/p>\n<p>&nbsp;<\/p>\n","protected":false},"excerpt":{"rendered":"<p>Andrew Germain, Tourisme Autochtone Qu\u00e9bec \u00c9tant un nouveau venu dans l\u2019industrie du tourisme, c\u2019est un honneur d\u2019avoir l\u2019occasion d\u2019apprendre et [&hellip;]<\/p>\n","protected":false},"author":35,"featured_media":15075,"comment_status":"open","ping_status":"open","sticky":false,"template":"","format":"standard","meta":[],"categories":[4],"tags":[],"class_list":["post-14502","post","type-post","status-publish","format-standard","has-post-thumbnail","hentry","category-non-classifiee","region-alberta-fr","region-colombie-britannique","region-ontario-fr","region-quebec-fr","region-saskatchewan-fr","the_post_type-blog-post","listing_sub_type-culture-heritage-fr","listing_sub_type-evenement-fr","listing_sub_type-hebergement-detente"],"yoast_head":"<!-- This site is optimized with the Yoast SEO Premium plugin v24.2 (Yoast SEO v24.2) - https:\/\/yoast.com\/wordpress\/plugins\/seo\/ -->\n<title>Experts de la destination - Destination Autochtones<\/title>\n<meta name=\"description\" content=\"Je suis fi\u00e8re de ce que nous faisons en tant pour soutenir les communaut\u00e9s autochtones d\u2019une mani\u00e8re qui respecte nos traditions.\" \/>\n<meta name=\"robots\" content=\"index, follow, max-snippet:-1, max-image-preview:large, max-video-preview:-1\" \/>\n<link rel=\"canonical\" href=\"https:\/\/destinationindigenous.ca\/fr\/blog\/experts-de-la-destination\/\" \/>\n<meta property=\"og:locale\" content=\"fr_FR\" \/>\n<meta property=\"og:type\" content=\"article\" \/>\n<meta property=\"og:title\" content=\"Experts de la destination\" \/>\n<meta property=\"og:description\" content=\"Je suis fi\u00e8re de ce que nous faisons en tant pour soutenir les communaut\u00e9s autochtones d\u2019une mani\u00e8re qui respecte nos traditions.\" \/>\n<meta property=\"og:url\" content=\"https:\/\/destinationindigenous.ca\/fr\/blog\/experts-de-la-destination\/\" \/>\n<meta property=\"og:site_name\" content=\"DI - Planificateur de s\u00e9jour\" \/>\n<meta property=\"article:published_time\" content=\"2020-11-24T21:56:36+00:00\" \/>\n<meta property=\"article:modified_time\" content=\"2020-12-10T23:01:21+00:00\" \/>\n<meta property=\"og:image\" content=\"https:\/\/destinationindigenous.ca\/wp-content\/uploads\/2020\/11\/Untitled-design-38-1.jpg\" \/>\n\t<meta property=\"og:image:width\" content=\"800\" \/>\n\t<meta property=\"og:image:height\" content=\"600\" \/>\n\t<meta property=\"og:image:type\" content=\"image\/jpeg\" \/>\n<meta name=\"author\" content=\"Nations Magazine\" \/>\n<meta name=\"twitter:card\" content=\"summary_large_image\" \/>\n<meta name=\"twitter:label1\" content=\"\u00c9crit par\" \/>\n\t<meta name=\"twitter:data1\" content=\"Nations Magazine\" \/>\n\t<meta name=\"twitter:label2\" content=\"Dur\u00e9e de lecture estim\u00e9e\" \/>\n\t<meta name=\"twitter:data2\" content=\"4 minutes\" \/>\n<script type=\"application\/ld+json\" class=\"yoast-schema-graph\">{\"@context\":\"https:\/\/schema.org\",\"@graph\":[{\"@type\":\"Article\",\"@id\":\"https:\/\/destinationindigenous.ca\/fr\/blog\/experts-de-la-destination\/#article\",\"isPartOf\":{\"@id\":\"https:\/\/destinationindigenous.ca\/fr\/blog\/experts-de-la-destination\/\"},\"author\":{\"name\":\"Nations Magazine\",\"@id\":\"https:\/\/destinationindigenous.ca\/fr\/#\/schema\/person\/60fd0629fac35e087011ac235012dbaf\"},\"headline\":\"Experts de la destination\",\"datePublished\":\"2020-11-24T21:56:36+00:00\",\"dateModified\":\"2020-12-10T23:01:21+00:00\",\"mainEntityOfPage\":{\"@id\":\"https:\/\/destinationindigenous.ca\/fr\/blog\/experts-de-la-destination\/\"},\"wordCount\":860,\"commentCount\":0,\"publisher\":{\"@id\":\"https:\/\/destinationindigenous.ca\/fr\/#organization\"},\"image\":{\"@id\":\"https:\/\/destinationindigenous.ca\/fr\/blog\/experts-de-la-destination\/#primaryimage\"},\"thumbnailUrl\":\"https:\/\/destinationindigenous.ca\/wp-content\/uploads\/2020\/11\/Untitled-design-38-1.jpg\",\"articleSection\":[\"Non classifi\u00e9(e)\"],\"inLanguage\":\"fr-FR\",\"potentialAction\":[{\"@type\":\"CommentAction\",\"name\":\"Comment\",\"target\":[\"https:\/\/destinationindigenous.ca\/fr\/blog\/experts-de-la-destination\/#respond\"]}]},{\"@type\":\"WebPage\",\"@id\":\"https:\/\/destinationindigenous.ca\/fr\/blog\/experts-de-la-destination\/\",\"url\":\"https:\/\/destinationindigenous.ca\/fr\/blog\/experts-de-la-destination\/\",\"name\":\"Experts de la destination - Destination Autochtones\",\"isPartOf\":{\"@id\":\"https:\/\/destinationindigenous.ca\/fr\/#website\"},\"primaryImageOfPage\":{\"@id\":\"https:\/\/destinationindigenous.ca\/fr\/blog\/experts-de-la-destination\/#primaryimage\"},\"image\":{\"@id\":\"https:\/\/destinationindigenous.ca\/fr\/blog\/experts-de-la-destination\/#primaryimage\"},\"thumbnailUrl\":\"https:\/\/destinationindigenous.ca\/wp-content\/uploads\/2020\/11\/Untitled-design-38-1.jpg\",\"datePublished\":\"2020-11-24T21:56:36+00:00\",\"dateModified\":\"2020-12-10T23:01:21+00:00\",\"description\":\"Je suis fi\u00e8re de ce que nous faisons en tant pour soutenir les communaut\u00e9s autochtones d\u2019une mani\u00e8re qui respecte nos traditions.\",\"breadcrumb\":{\"@id\":\"https:\/\/destinationindigenous.ca\/fr\/blog\/experts-de-la-destination\/#breadcrumb\"},\"inLanguage\":\"fr-FR\",\"potentialAction\":[{\"@type\":\"ReadAction\",\"target\":[\"https:\/\/destinationindigenous.ca\/fr\/blog\/experts-de-la-destination\/\"]}]},{\"@type\":\"ImageObject\",\"inLanguage\":\"fr-FR\",\"@id\":\"https:\/\/destinationindigenous.ca\/fr\/blog\/experts-de-la-destination\/#primaryimage\",\"url\":\"https:\/\/destinationindigenous.ca\/wp-content\/uploads\/2020\/11\/Untitled-design-38-1.jpg\",\"contentUrl\":\"https:\/\/destinationindigenous.ca\/wp-content\/uploads\/2020\/11\/Untitled-design-38-1.jpg\",\"width\":800,\"height\":600},{\"@type\":\"BreadcrumbList\",\"@id\":\"https:\/\/destinationindigenous.ca\/fr\/blog\/experts-de-la-destination\/#breadcrumb\",\"itemListElement\":[{\"@type\":\"ListItem\",\"position\":1,\"name\":\"Home\",\"item\":\"https:\/\/destinationindigenous.ca\/fr\/\"},{\"@type\":\"ListItem\",\"position\":2,\"name\":\"Experts de la destination\"}]},{\"@type\":\"WebSite\",\"@id\":\"https:\/\/destinationindigenous.ca\/fr\/#website\",\"url\":\"https:\/\/destinationindigenous.ca\/fr\/\",\"name\":\"DI - Planificateur de s\u00e9jour\",\"description\":\"Indigenous travel experiences from across Canada\",\"publisher\":{\"@id\":\"https:\/\/destinationindigenous.ca\/fr\/#organization\"},\"potentialAction\":[{\"@type\":\"SearchAction\",\"target\":{\"@type\":\"EntryPoint\",\"urlTemplate\":\"https:\/\/destinationindigenous.ca\/fr\/?s={search_term_string}\"},\"query-input\":{\"@type\":\"PropertyValueSpecification\",\"valueRequired\":true,\"valueName\":\"search_term_string\"}}],\"inLanguage\":\"fr-FR\"},{\"@type\":\"Organization\",\"@id\":\"https:\/\/destinationindigenous.ca\/fr\/#organization\",\"name\":\"Destination Indigenous\",\"url\":\"https:\/\/destinationindigenous.ca\/fr\/\",\"logo\":{\"@type\":\"ImageObject\",\"inLanguage\":\"fr-FR\",\"@id\":\"https:\/\/destinationindigenous.ca\/fr\/#\/schema\/logo\/image\/\",\"url\":\"https:\/\/destinationindigenous.ca\/wp-content\/uploads\/2022\/08\/di-logo-navbar@2x.png\",\"contentUrl\":\"https:\/\/destinationindigenous.ca\/wp-content\/uploads\/2022\/08\/di-logo-navbar@2x.png\",\"width\":960,\"height\":61,\"caption\":\"Destination Indigenous\"},\"image\":{\"@id\":\"https:\/\/destinationindigenous.ca\/fr\/#\/schema\/logo\/image\/\"}},{\"@type\":\"Person\",\"@id\":\"https:\/\/destinationindigenous.ca\/fr\/#\/schema\/person\/60fd0629fac35e087011ac235012dbaf\",\"name\":\"Nations Magazine\",\"sameAs\":[\"http:\/\/www.destinationindigenous.com\/blog\/\"],\"url\":\"https:\/\/destinationindigenous.ca\/fr\/blog\/author\/nations-magazine\/\"}]}<\/script>\n<!-- \/ Yoast SEO Premium plugin. -->","yoast_head_json":{"title":"Experts de la destination - Destination Autochtones","description":"Je suis fi\u00e8re de ce que nous faisons en tant pour soutenir les communaut\u00e9s autochtones d\u2019une mani\u00e8re qui respecte nos traditions.","robots":{"index":"index","follow":"follow","max-snippet":"max-snippet:-1","max-image-preview":"max-image-preview:large","max-video-preview":"max-video-preview:-1"},"canonical":"https:\/\/destinationindigenous.ca\/fr\/blog\/experts-de-la-destination\/","og_locale":"fr_FR","og_type":"article","og_title":"Experts de la destination","og_description":"Je suis fi\u00e8re de ce que nous faisons en tant pour soutenir les communaut\u00e9s autochtones d\u2019une mani\u00e8re qui respecte nos traditions.","og_url":"https:\/\/destinationindigenous.ca\/fr\/blog\/experts-de-la-destination\/","og_site_name":"DI - Planificateur de s\u00e9jour","article_published_time":"2020-11-24T21:56:36+00:00","article_modified_time":"2020-12-10T23:01:21+00:00","og_image":[{"width":800,"height":600,"url":"https:\/\/destinationindigenous.ca\/wp-content\/uploads\/2020\/11\/Untitled-design-38-1.jpg","type":"image\/jpeg"}],"author":"Nations Magazine","twitter_card":"summary_large_image","twitter_misc":{"\u00c9crit par":"Nations Magazine","Dur\u00e9e de lecture estim\u00e9e":"4 minutes"},"schema":{"@context":"https:\/\/schema.org","@graph":[{"@type":"Article","@id":"https:\/\/destinationindigenous.ca\/fr\/blog\/experts-de-la-destination\/#article","isPartOf":{"@id":"https:\/\/destinationindigenous.ca\/fr\/blog\/experts-de-la-destination\/"},"author":{"name":"Nations Magazine","@id":"https:\/\/destinationindigenous.ca\/fr\/#\/schema\/person\/60fd0629fac35e087011ac235012dbaf"},"headline":"Experts de la destination","datePublished":"2020-11-24T21:56:36+00:00","dateModified":"2020-12-10T23:01:21+00:00","mainEntityOfPage":{"@id":"https:\/\/destinationindigenous.ca\/fr\/blog\/experts-de-la-destination\/"},"wordCount":860,"commentCount":0,"publisher":{"@id":"https:\/\/destinationindigenous.ca\/fr\/#organization"},"image":{"@id":"https:\/\/destinationindigenous.ca\/fr\/blog\/experts-de-la-destination\/#primaryimage"},"thumbnailUrl":"https:\/\/destinationindigenous.ca\/wp-content\/uploads\/2020\/11\/Untitled-design-38-1.jpg","articleSection":["Non classifi\u00e9(e)"],"inLanguage":"fr-FR","potentialAction":[{"@type":"CommentAction","name":"Comment","target":["https:\/\/destinationindigenous.ca\/fr\/blog\/experts-de-la-destination\/#respond"]}]},{"@type":"WebPage","@id":"https:\/\/destinationindigenous.ca\/fr\/blog\/experts-de-la-destination\/","url":"https:\/\/destinationindigenous.ca\/fr\/blog\/experts-de-la-destination\/","name":"Experts de la destination - Destination Autochtones","isPartOf":{"@id":"https:\/\/destinationindigenous.ca\/fr\/#website"},"primaryImageOfPage":{"@id":"https:\/\/destinationindigenous.ca\/fr\/blog\/experts-de-la-destination\/#primaryimage"},"image":{"@id":"https:\/\/destinationindigenous.ca\/fr\/blog\/experts-de-la-destination\/#primaryimage"},"thumbnailUrl":"https:\/\/destinationindigenous.ca\/wp-content\/uploads\/2020\/11\/Untitled-design-38-1.jpg","datePublished":"2020-11-24T21:56:36+00:00","dateModified":"2020-12-10T23:01:21+00:00","description":"Je suis fi\u00e8re de ce que nous faisons en tant pour soutenir les communaut\u00e9s autochtones d\u2019une mani\u00e8re qui respecte nos traditions.","breadcrumb":{"@id":"https:\/\/destinationindigenous.ca\/fr\/blog\/experts-de-la-destination\/#breadcrumb"},"inLanguage":"fr-FR","potentialAction":[{"@type":"ReadAction","target":["https:\/\/destinationindigenous.ca\/fr\/blog\/experts-de-la-destination\/"]}]},{"@type":"ImageObject","inLanguage":"fr-FR","@id":"https:\/\/destinationindigenous.ca\/fr\/blog\/experts-de-la-destination\/#primaryimage","url":"https:\/\/destinationindigenous.ca\/wp-content\/uploads\/2020\/11\/Untitled-design-38-1.jpg","contentUrl":"https:\/\/destinationindigenous.ca\/wp-content\/uploads\/2020\/11\/Untitled-design-38-1.jpg","width":800,"height":600},{"@type":"BreadcrumbList","@id":"https:\/\/destinationindigenous.ca\/fr\/blog\/experts-de-la-destination\/#breadcrumb","itemListElement":[{"@type":"ListItem","position":1,"name":"Home","item":"https:\/\/destinationindigenous.ca\/fr\/"},{"@type":"ListItem","position":2,"name":"Experts de la destination"}]},{"@type":"WebSite","@id":"https:\/\/destinationindigenous.ca\/fr\/#website","url":"https:\/\/destinationindigenous.ca\/fr\/","name":"DI - Planificateur de s\u00e9jour","description":"Indigenous travel experiences from across Canada","publisher":{"@id":"https:\/\/destinationindigenous.ca\/fr\/#organization"},"potentialAction":[{"@type":"SearchAction","target":{"@type":"EntryPoint","urlTemplate":"https:\/\/destinationindigenous.ca\/fr\/?s={search_term_string}"},"query-input":{"@type":"PropertyValueSpecification","valueRequired":true,"valueName":"search_term_string"}}],"inLanguage":"fr-FR"},{"@type":"Organization","@id":"https:\/\/destinationindigenous.ca\/fr\/#organization","name":"Destination Indigenous","url":"https:\/\/destinationindigenous.ca\/fr\/","logo":{"@type":"ImageObject","inLanguage":"fr-FR","@id":"https:\/\/destinationindigenous.ca\/fr\/#\/schema\/logo\/image\/","url":"https:\/\/destinationindigenous.ca\/wp-content\/uploads\/2022\/08\/di-logo-navbar@2x.png","contentUrl":"https:\/\/destinationindigenous.ca\/wp-content\/uploads\/2022\/08\/di-logo-navbar@2x.png","width":960,"height":61,"caption":"Destination Indigenous"},"image":{"@id":"https:\/\/destinationindigenous.ca\/fr\/#\/schema\/logo\/image\/"}},{"@type":"Person","@id":"https:\/\/destinationindigenous.ca\/fr\/#\/schema\/person\/60fd0629fac35e087011ac235012dbaf","name":"Nations Magazine","sameAs":["http:\/\/www.destinationindigenous.com\/blog\/"],"url":"https:\/\/destinationindigenous.ca\/fr\/blog\/author\/nations-magazine\/"}]}},"_links":{"self":[{"href":"https:\/\/destinationindigenous.ca\/fr\/wp-json\/wp\/v2\/posts\/14502","targetHints":{"allow":["GET"]}}],"collection":[{"href":"https:\/\/destinationindigenous.ca\/fr\/wp-json\/wp\/v2\/posts"}],"about":[{"href":"https:\/\/destinationindigenous.ca\/fr\/wp-json\/wp\/v2\/types\/post"}],"author":[{"embeddable":true,"href":"https:\/\/destinationindigenous.ca\/fr\/wp-json\/wp\/v2\/users\/35"}],"replies":[{"embeddable":true,"href":"https:\/\/destinationindigenous.ca\/fr\/wp-json\/wp\/v2\/comments?post=14502"}],"version-history":[{"count":0,"href":"https:\/\/destinationindigenous.ca\/fr\/wp-json\/wp\/v2\/posts\/14502\/revisions"}],"wp:featuredmedia":[{"embeddable":true,"href":"https:\/\/destinationindigenous.ca\/fr\/wp-json\/wp\/v2\/media\/15075"}],"wp:attachment":[{"href":"https:\/\/destinationindigenous.ca\/fr\/wp-json\/wp\/v2\/media?parent=14502"}],"wp:term":[{"taxonomy":"category","embeddable":true,"href":"https:\/\/destinationindigenous.ca\/fr\/wp-json\/wp\/v2\/categories?post=14502"},{"taxonomy":"post_tag","embeddable":true,"href":"https:\/\/destinationindigenous.ca\/fr\/wp-json\/wp\/v2\/tags?post=14502"}],"curies":[{"name":"wp","href":"https:\/\/api.w.org\/{rel}","templated":true}]}}