{"id":4054,"date":"2018-02-05T00:00:00","date_gmt":"2018-02-05T08:00:00","guid":{"rendered":"https:\/\/destinationindigenous.ca\/evenements-autochtones-au-canada-en-2018\/"},"modified":"2020-12-10T15:27:35","modified_gmt":"2020-12-10T23:27:35","slug":"evenements-autochtones-au-canada-en-2018","status":"publish","type":"post","link":"https:\/\/destinationindigenous.ca\/fr\/blog\/evenements-autochtones-au-canada-en-2018\/","title":{"rendered":"\u00c9v\u00e9nements autochtones au Canada en 2018"},"content":{"rendered":"<p>L&rsquo;ann\u00e9e derni\u00e8re nous avons publi\u00e9 un calendrier des pow-wows \u00e0 travers le Canada qui fut tr\u00e8s populaire. Nous travaillons pr\u00e9sentement sur la liste des pow-wows 2018. En attendant d\u2019avoir la liste compl\u00e8te avec toutes les dates, voici certains des grands festivals et \u00e9v\u00e9nements autochtones qui auront lieu au Canada en 2018.<\/p>\n<p>Qui manque \u00e0 la liste selon vous? Partagez le lien sur <a href=\"https:\/\/www.facebook.com\/IndigenousCAN\/\" target=\"_blank\" rel=\"noopener noreferrer\">notre page Facebook<\/a>!<\/p>\n<p>&nbsp;<\/p>\n<h4><strong><a href=\"http:\/\/www.manitoahbee.com\/\" target=\"_blank\" rel=\"noopener noreferrer\">Festival Manito Ahbee<\/a>\u00a0 \u00a0 \u00a0 \u00a0 \u00a0 16-20 mai 2018 \u00e0\u00a0Winnipeg, au Manitoba<\/strong><\/h4>\n<div id=\"attachment_1860\" style=\"width: 810px\" class=\"wp-caption aligncenter\"><a href=\"https:\/\/www.instagram.com\/p\/BUU7mJaBwIv\/\" target=\"_blank\" rel=\"noopener noreferrer\"><img loading=\"lazy\" decoding=\"async\" aria-describedby=\"caption-attachment-1860\" class=\"wp-image-1860 size-full\" src=\"https:\/\/destinationindigenous.ca\/wp-content\/uploads\/2020\/01\/manitoahbee-Instagram.jpg\" alt=\"\" width=\"800\" height=\"880\" \/><\/a><p id=\"caption-attachment-1860\" class=\"wp-caption-text\">Northern Cree &#8211; les Prix de la musique autochtone 2017<\/p><\/div>\n<p>Le Festival Manito Ahbee est une c\u00e9l\u00e9bration de la culture, de la musique et des arts autochtones qui a lieu \u00e0 Winnipeg, au Manitoba. La 13<sup>\u00e8me<\/sup> \u00e9dition du festival se tiendra du 16 au 20 mai 2018 et inclura\u00a0les suivants : <a href=\"http:\/\/indigenousmusicawards.com\/\" target=\"_blank\" rel=\"noopener noreferrer\">les Prix de la musique autochtone<\/a>, <a href=\"https:\/\/www.manitoahbee.com\/events\/pow-wow\/\" target=\"_blank\" rel=\"noopener noreferrer\">le Pow-wow international<\/a>, <a href=\"https:\/\/www.manitoahbee.com\/events\/indigenous-music-conference\" target=\"_blank\" rel=\"noopener noreferrer\">le Congr\u00e8s sur la musique autochtone<\/a>, <a href=\"https:\/\/www.manitoahbee.com\/events\/marketplace\" target=\"_blank\" rel=\"noopener noreferrer\">le salon et march\u00e9 <em>Casinos of Winnipeg<\/em><\/a>, <a href=\"https:\/\/www.manitoahbee.com\/events\/jiggy\" target=\"_blank\" rel=\"noopener noreferrer\"><em>Getting Jiggy With It<\/em><\/a>,\u00a0<a href=\"https:\/\/www.manitoahbee.com\/events\/art\/expo\" target=\"_blank\" rel=\"noopener noreferrer\">une exposition d&rsquo;art<\/a>,\u00a0un <a href=\"https:\/\/www.manitoahbee.com\/events\/art\/challenge\" target=\"_blank\" rel=\"noopener noreferrer\">concours d&rsquo;art<\/a>, et\u00a0la <a href=\"https:\/\/www.manitoahbee.com\/events\/education-day\" target=\"_blank\" rel=\"noopener noreferrer\">Journ\u00e9e de formation pour les jeunes (MTS)<\/a>.<\/p>\n<p>&nbsp;<\/p>\n<h4><strong><a href=\"https:\/\/www.aboriginalmusicweek.ca\/\" target=\"_blank\" rel=\"noopener noreferrer\">Semaine de la musique autochtone<\/a>\u00a0*\u00a0 \u00a0\u00a0 14-17 juin 2018 \u00e0 Winnipeg, au Manitoba<\/strong><\/h4>\n<p>La Semaine de la musique autochtone, festival qui a lieu \u00e0 Winnipeg, au Manitoba, pr\u00e9sente des artistes autochtones du monde entier appartenant \u00e0 une multitude de genres musicaux\u00a0: hip-hop, \u00e9lectro, traditionnel, musiques du monde, folk, rock, country et blues. * Cette ann\u00e9e, la Semaine de la musique autochtone aura lieu sous un nouveau nom et les dates pour juin 2018 sont confirm\u00e9es.<\/p>\n<p>&nbsp;<\/p>\n<h4><strong><a href=\"https:\/\/www.aadnc-aandc.gc.ca\/fra\/1100100013248\/1100100013249\" target=\"_blank\" rel=\"noopener noreferrer\">Journ\u00e9e nationale des peuples autochtones<\/a>\u00a0 \u00a0 \u00a0\u00a0 21 juin 2018 dans divers endroits au Canada<\/strong><\/h4>\n<p>La Journ\u00e9e nationale des peuples autochtones est une occasion de souligner et de c\u00e9l\u00e9brer les cultures et les contributions des peuples autochtones de partout au Canada. La journ\u00e9e a \u00e9t\u00e9 c\u00e9l\u00e9br\u00e9e pour la premi\u00e8re fois en 1996 en tant que la <em>National Aboriginal Day<\/em> et a \u00e9t\u00e9 renomm\u00e9e en 2017 (<em>National Indigenous Peoples Day<\/em>). Des festivals, \u00e9v\u00e9nements, c\u00e9l\u00e9brations et c\u00e9r\u00e9monies ont lieu dans l\u2019ensemble du pays pour marquer cette journ\u00e9e. Consultez les calendriers r\u00e9gionaux pour plus d\u2019infos.<\/p>\n<p>&nbsp;<\/p>\n<h4><em><a href=\"https:\/\/www.ottawasummersolstice.ca\/\" target=\"_blank\" rel=\"noopener noreferrer\"><strong>Summer Solstice Indigenous Festival<\/strong><\/a><\/em><strong><em>\u00a0<\/em> \u00a0 \u00a0<\/strong><strong> 21-24 juin 2018 \u00e0 Ottawa, en Ontario<\/strong><\/h4>\n<div id=\"attachment_1861\" style=\"width: 810px\" class=\"wp-caption aligncenter\"><a href=\"https:\/\/www.instagram.com\/p\/BVupgP0hdm7\/\" target=\"_blank\" rel=\"noopener noreferrer\"><img loading=\"lazy\" decoding=\"async\" aria-describedby=\"caption-attachment-1861\" class=\"wp-image-1861 size-full\" src=\"https:\/\/destinationindigenous.ca\/wp-content\/uploads\/2020\/01\/sarainfox-Instagram.jpg\" alt=\"\" width=\"800\" height=\"880\" \/><\/a><p id=\"caption-attachment-1861\" class=\"wp-caption-text\">Summer Solstice Indigenous Festival<\/p><\/div>\n<p>Le <em>Summer Solstice Indigenous Festival<\/em> est un festival d\u2019arts multidisciplinaire et familial qui attire plus de 40\u00a0000 visiteurs chaque ann\u00e9e. Avec la pleine participation des artistes des Premi\u00e8res Nations, M\u00e9tis et Inuits, cet \u00e9v\u00e9nement repr\u00e9sente vraiment la diversit\u00e9 culturelle de la communaut\u00e9 autochtone urbaine autour d\u2019Ottawa. Tous les \u00e9l\u00e9ments du festival refl\u00e8tent la diversit\u00e9 culturelle \u2013 du leadership \u00e0 la s\u00e9lection d\u2019artistes repr\u00e9sentant chaque communaut\u00e9 autochtone.<\/p>\n<p>&nbsp;<\/p>\n<h4><a href=\"https:\/\/www.aboriginalbc.com\/victoria-aboriginal-festival\/\" target=\"_blank\" rel=\"noopener noreferrer\"><strong>Festival culturel autochtone \u00e0 Victoria<\/strong><\/a><strong>\u00a0 \u00a0 \u00a0Juin 2018 \u00e0 Victoria, en Colombie-Britannique<\/strong><\/h4>\n<p>Les nations Songhees et Esquimalt c\u00e9l\u00e8brent la Journ\u00e9e nationale des peuples autochtones avec une fin de semaine de danse, de musique, de gastronomie et d\u2019art. Et mieux encore\u00a0: c\u2019est gratuit!<\/p>\n<p>&nbsp;<\/p>\n<h4><a href=\"http:\/\/aboriginaldaylive.ca\/fr\/\" target=\"_blank\" rel=\"noopener noreferrer\"><strong>Journ\u00e9e des Autochtones en direct\u00a0<\/strong><\/a><strong>\u00a0 \u00a0 \u00a0 \u00a0 23 juin 2018 \u00e0 Toronto, en Ontario et \u00e0 Winnipeg, au Manitoba<\/strong><\/h4>\n<div id=\"attachment_1862\" style=\"width: 810px\" class=\"wp-caption aligncenter\"><a href=\"https:\/\/www.instagram.com\/p\/BVpXIy-Fh7V\/\" target=\"_blank\" rel=\"noopener noreferrer\"><img loading=\"lazy\" decoding=\"async\" aria-describedby=\"caption-attachment-1862\" class=\"wp-image-1862 size-full\" src=\"https:\/\/destinationindigenous.ca\/wp-content\/uploads\/2020\/01\/tourismwinnipeg-Instagram.jpg\" alt=\"\" width=\"800\" height=\"880\" \/><\/a><p id=\"caption-attachment-1862\" class=\"wp-caption-text\">Journ\u00e9e des Autochtones en direct<\/p><\/div>\n<p>Chaque ann\u00e9e, l\u2019<em>Aboriginal Peoples Television Network<\/em> marque la Journ\u00e9e des peuples autochtones en diffusant en direct \u00e0 la t\u00e9l\u00e9 les c\u00e9l\u00e9brations dans plusieurs endroits au Canada. Tout le monde est invit\u00e9 \u00e0 y assister en personne ou \u00e0 regarder les activit\u00e9s et les concerts \u00e0 la t\u00e9l\u00e9.<\/p>\n<p>&nbsp;<\/p>\n<h4><a href=\"http:\/\/www.adakafestival.ca\/\" target=\"_blank\" rel=\"noopener noreferrer\"><strong>Festival culturel Ad\u00e4ka<\/strong><\/a><strong>\u00a0 \u00a0 \u00a0 \u00a0\u00a0<\/strong><strong> 29 juin \u2013 5 juillet 2018 \u00e0\u00a0Whitehorse, au Yukon<\/strong><\/h4>\n<div id=\"attachment_1863\" style=\"width: 810px\" class=\"wp-caption aligncenter\"><a href=\"https:\/\/www.instagram.com\/p\/BZWfpWvAcKh\/\" target=\"_blank\" rel=\"noopener noreferrer\"><img loading=\"lazy\" decoding=\"async\" aria-describedby=\"caption-attachment-1863\" class=\"wp-image-1863 size-full\" src=\"https:\/\/destinationindigenous.ca\/wp-content\/uploads\/2020\/01\/adakaculturalfestival-Instagram.jpg\" alt=\"\" width=\"800\" height=\"880\" \/><\/a><p id=\"caption-attachment-1863\" class=\"wp-caption-text\">Festival culturel Ad\u00e4ka\u00a02016<\/p><\/div>\n<p>\u00c0 son emplacement idyllique au <a href=\"http:\/\/www.kwanlindunculturalcentre.com\/\" target=\"_blank\" rel=\"noopener noreferrer\"><em>Kwanlin D\u00fcn Cultural Centre<\/em><\/a>, sur le front de mer de Whitehorse, le Festival culturel Ad\u00e4ka baigne dans une \u00e9nergie impressionnante, suscitant l\u2019inspiration, la fiert\u00e9 et l\u2019enthousiasme chez les milliers de visiteurs et d\u2019artistes qui y participent chaque ann\u00e9e. Ad\u00e4ka signifie \u00ab\u00a0venir \u00e0 la lumi\u00e8re\u00a0\u00bb en langue tutchone du Sud. Le festival se donne pour mission de mettre en lumi\u00e8re la cr\u00e9ativit\u00e9 des membres des Premi\u00e8res nations du Yukon, de contribuer \u00e0 la pr\u00e9servation et \u00e0 la revitalisation des arts et de la culture autochtones, et de donner aux artistes et aux jeunes l\u2019occasion de manifester leur fiert\u00e9 \u00e0 l\u2019\u00e9gard de leur patrimoine et de leurs communaut\u00e9s.<\/p>\n<p>&nbsp;<\/p>\n<h4><a href=\"https:\/\/alianait.ca\/\" target=\"_blank\" rel=\"noopener noreferrer\"><strong>Festival des arts Alianait<\/strong><\/a><strong>\u00a0 \u00a0 \u00a0Fin juin 2018 \u00e0 Iqaluit, au Nunavut<\/strong><\/h4>\n<p>Le Festival des arts Alianait, connu comme la sc\u00e8ne circumpolaire mondiale, se tient \u00e0 Iqaluit, au Nunavut, \u00e0 la fin de juin chaque ann\u00e9e. C\u2019est une p\u00e9riode de liesse car le soleil brille pendant 24 heures! Le festival met en vedette les artistes inuits et circumpolaires tout en rassemblant des musiciens, acrobates de cirque, danseurs, conteurs, acteurs, cin\u00e9astes et artistes visuels du monde entier.<\/p>\n<h4><strong>\u00a0<\/strong><\/h4>\n<h4><a href=\"http:\/\/www.calgarystampede.com\/stampede\/attractions\/indian-village\" target=\"_blank\" rel=\"noopener noreferrer\"><strong>Village indien au Calgary Stampede<\/strong><\/a><strong>\u00a0 \u00a0 \u00a0 \u00a0 6-15 juillet 2018 \u00e0 Calgary, en Alberta<\/strong><\/h4>\n<div id=\"attachment_1865\" style=\"width: 810px\" class=\"wp-caption aligncenter\"><a href=\"https:\/\/www.instagram.com\/p\/BWjuFhYFfxk\/\" target=\"_blank\" rel=\"noopener noreferrer\"><img loading=\"lazy\" decoding=\"async\" aria-describedby=\"caption-attachment-1865\" class=\"wp-image-1865 size-full\" src=\"https:\/\/destinationindigenous.ca\/wp-content\/uploads\/2020\/01\/csindianvillage-Instagram.jpg\" alt=\"\" width=\"800\" height=\"880\" \/><\/a><p id=\"caption-attachment-1865\" class=\"wp-caption-text\">Village indien au Calgary Stampede<\/p><\/div>\n<p>Pendant plus de 105 ans, les Premi\u00e8res Nations du Trait\u00e9 no.7 ont camp\u00e9 au <em>Calgary Stampede<\/em>. En 1912, les peuples des Premi\u00e8res Nations n\u2019\u00e9taient pas autoris\u00e9s \u00e0 c\u00e9l\u00e9brer leur propre culture en raison des lois oppressives au Canada. Pendant plus de 50 ans, le <em>Calgary Stampede<\/em> fut le seul endroit en Alberta o\u00f9 les Autochtones pouvaient se rassembler et pratiquer leur culture, c\u00e9l\u00e9brer leurs communaut\u00e9s et exprimer leurs traditions publiquement. Aujourd\u2019hui, les familles d\u2019origine continuent de se rencontrer chaque ann\u00e9e au <em>Calgary Stampede<\/em> et de pr\u00e9senter leur histoire, leur culture et leurs traditions aux visiteurs du monde entier.<\/p>\n<p>&nbsp;<\/p>\n<h4><a href=\"https:\/\/www.gnaf.org\/\" target=\"_blank\" rel=\"noopener noreferrer\"><strong>Grand festival des arts du Nord<\/strong><\/a><strong>\u00a0\u00a0 \u00a0\u00a0<\/strong><strong> 13-22 juillet 2018 \u00e0 Inuvik, dans les Territoires du Nord-Ouest<\/strong><\/h4>\n<div id=\"attachment_1866\" style=\"width: 810px\" class=\"wp-caption aligncenter\"><a href=\"https:\/\/www.instagram.com\/p\/BH7lVdwDfh2\/\" target=\"_blank\" rel=\"noopener noreferrer\"><img loading=\"lazy\" decoding=\"async\" aria-describedby=\"caption-attachment-1866\" class=\"wp-image-1866 size-full\" src=\"https:\/\/destinationindigenous.ca\/wp-content\/uploads\/2020\/01\/cryopolitics-Instagram.jpg\" alt=\"\" width=\"800\" height=\"880\" \/><\/a><p id=\"caption-attachment-1866\" class=\"wp-caption-text\">Grand festival des arts du Nord<\/p><\/div>\n<p>Compte tenu de l\u2019\u00e9loignement de la plupart des communaut\u00e9s du Nord, il est essentiel que les artistes puissent avoir acc\u00e8s aux march\u00e9s et acheteurs et assister \u00e0 des ateliers de perfectionnement professionnel et \u00e0 des s\u00e9minaires. Pour contribuer \u00e0 la r\u00e9alisation de cet objectif, la <em>Great Northern Arts Society<\/em> offre des ateliers et des s\u00e9minaires sur la tarification, le marketing, la cr\u00e9ativit\u00e9, la procuration de fonds et la r\u00e9daction de demandes de subvention, l\u2019int\u00e9grit\u00e9 artistique, la r\u00e9daction de la biographie des artistes et bien d\u2019autres sujets \u00e9ducatifs. Dans le but de promouvoir le talent des artistes du Nord, un vaste \u00e9ventail d\u2019\u0153uvres d\u2019art \u2013 en termes de moyen d\u2019expression, de technique et d\u2019inspiration \u2013 est pr\u00e9sent\u00e9 au festival.<\/p>\n<p>&nbsp;<\/p>\n<h4><strong><a href=\"https:\/\/backtobatochefestival.com\/\" target=\"_blank\" rel=\"noopener noreferrer\"><em>Back to Batoche Days\u00a0<\/em><\/a> \u00a0 \u00a0 \u00a0 \u00a019-22 juillet 2018 \u00e0\u00a0Batoche, en Saskatchewan<\/strong><\/h4>\n<p>Le festival propose des comp\u00e9titions de chariot, de gigue, de fers \u00e0 cheval et de pr\u00e9paration de la bannique ainsi qu\u2019une vari\u00e9t\u00e9 de produits artisanaux. Des programmes et activit\u00e9s sp\u00e9ciaux auront lieu au site <em>Back to Batoche<\/em> situ\u00e9 \u00e0 1 km au nord de Batoche ainsi qu\u2019au Lieu Historique National de Batoche.<\/p>\n<p>&nbsp;<\/p>\n<h4><em><a href=\"https:\/\/www.facebook.com\/moosehidegathering\" target=\"_blank\" rel=\"noopener noreferrer\"><strong>Moosehide Gathering<\/strong><\/a><\/em><strong><em>\u00a0<\/em> \u00a0 \u00a0 \u00a0\u00a0 26-29 juillet 2018 \u00e0 Dawson City, au Yukon<\/strong><\/h4>\n<p>Le <em>Moosehide Gathering<\/em> est un \u00e9v\u00e9nement estival qui se tient tous les deux ans. Lanc\u00e9 en 1993 par un groupe d\u00e9di\u00e9 de la Premi\u00e8re Nation Tr\u2019ond\u00ebk Hw\u00ebch\u2019in (H\u00e4n) qui voulait c\u00e9l\u00e9brer leurs traditions culturelles, c\u2019est un \u00e9v\u00e9nement inclusif qui rassemble les gens du Canada, de l\u2019Alaska et d\u2019ailleurs. Venez partager la culture des Tr\u2019ond\u00ebk Hw\u00ebch\u2019in<em>\u00a0et celle des autres communaut\u00e9s autochtones \u2013spectacles, conf\u00e9renciers invit\u00e9s, festins, danse, percussions de tambour, chants et bien plus seront au rendez-vous. Les artisans sont invit\u00e9s \u00e0 apporter leurs \u0153uvres d\u2019art et d\u2019artisanat et les musiciens leurs instruments. C\u2019est l\u2019occasion de retrouver de vieux amis et d\u2019en faire de nouveaux. Tout le monde est le bienvenu au <\/em><em>Moosehide Gathering 2018<\/em>.<\/p>\n<p>&nbsp;<\/p>\n<h4><em><a href=\"http:\/\/yorkboatdays.ca\/\" target=\"_blank\" rel=\"noopener noreferrer\"><strong>Treaty and York Boat Days<\/strong><\/a><\/em><strong><em>\u00a0<\/em> \u00a0 \u00a0 \u00a0\u00a0 31 juillet \u2013 5 ao\u00fbt 2018 au Norway House, au Manitoba<\/strong><\/h4>\n<div id=\"attachment_1867\" style=\"width: 810px\" class=\"wp-caption aligncenter\"><a href=\"https:\/\/www.instagram.com\/p\/BXf4sR4hqJJ\/\" target=\"_blank\" rel=\"noopener noreferrer\"><img loading=\"lazy\" decoding=\"async\" aria-describedby=\"caption-attachment-1867\" class=\"wp-image-1867 size-full\" src=\"https:\/\/destinationindigenous.ca\/wp-content\/uploads\/2020\/01\/ras_creative-Instagram.jpg\" alt=\"\" width=\"800\" height=\"880\" \/><\/a><p id=\"caption-attachment-1867\" class=\"wp-caption-text\">Treaty and York Boat Days<\/p><\/div>\n<p>Tenu depuis 1973, <em>Treaty and\u00a0York Boat\u00a0Days<\/em> est un festival estival annuel organis\u00e9 par la nation crie de Norway House. L\u2019\u00e9v\u00e9nement comm\u00e9more l\u2019histoire de la communaut\u00e9 \u00e0 l\u2019\u00e9poque de la traite des fourrures et met l\u2019accent sur les valeurs familiales et culturelles.<\/p>\n<p>&nbsp;<\/p>\n<h4><a href=\"http:\/\/innunikamu.ca\/\" target=\"_blank\" rel=\"noopener noreferrer\"><strong>Festival Innu <em>Nikamu<\/em> <\/strong><\/a><strong>\u00a0 \u00a0 \u00a0 \u00a0 2-5 ao\u00fbt 2018 \u00e0 Mani-Utenam, au Qu\u00e9bec<\/strong><\/h4>\n<div id=\"attachment_1869\" style=\"width: 810px\" class=\"wp-caption aligncenter\"><a href=\"https:\/\/www.instagram.com\/p\/BOGyQ7jj6jv\/\" target=\"_blank\" rel=\"noopener noreferrer\"><img loading=\"lazy\" decoding=\"async\" aria-describedby=\"caption-attachment-1869\" class=\"wp-image-1869 size-full\" src=\"https:\/\/destinationindigenous.ca\/wp-content\/uploads\/2020\/01\/innunikamu-Instagram.jpg\" alt=\"\" width=\"800\" height=\"880\" \/><\/a><p id=\"caption-attachment-1869\" class=\"wp-caption-text\">Festival Innu Nikamu<\/p><\/div>\n<p>Le Festival Innu Nikamu est un \u00e9v\u00e9nement culturel d\u2019envergure qui r\u00e9unit des artistes autochtones et non-autochtones du continent \u00e0 Mani-Utenam sur une grande sc\u00e8ne ext\u00e9rieure.<\/p>\n<p>Du 2 au 5 ao\u00fbt 2018 se succ\u00e8deront musiciens, interpr\u00e8tes, compositeurs, danseurs, conteurs, rappeurs et Ain\u00e9s s\u2019accompagnant au tambour traditionnel devant un auditoire conquis de plusieurs milliers de festivaliers.<\/p>\n<p>&nbsp;<\/p>\n<h4><a href=\"http:\/\/www.centralmbtourism.ca\/listings\/item\/587-long-plain-annual-celebration-pow-wow\" target=\"_blank\" rel=\"noopener noreferrer\"><strong>Pow-wow de Long Plain<\/strong><\/a><strong>\u00a0 \u00a0 \u00a0 \u00a0 3-5 ao\u00fbt 2018 parmi la Premi\u00e8re Nation de Long Plain, au Manitoba<\/strong><\/h4>\n<h4>Lanc\u00e9 en 1876, le Pow-wow de Long Plain est l\u2019un des plus grands et anciens pow-wows du Manitoba. Il a lieu chaque ann\u00e9e durant le long weekend d&rsquo;ao\u00fbt et les comp\u00e9titions se d\u00e9roulent du vendredi soir jusqu\u2019\u00e0 dimanche apr\u00e8s-midi.<\/h4>\n<p>&nbsp;<\/p>\n<p><a href=\"https:\/\/www.facebook.com\/kamloopapowwow\/\" target=\"_blank\" rel=\"noopener noreferrer\"><strong>Pow-wow Kamloopa <\/strong><\/a><strong>\u00a0 \u00a0 \u00a0 \u00a0 \u00a0 5-7 ao\u00fbt 2018 \u00e0 \u00a0Kamloops, en Colombie-Britannique<\/strong><\/p>\n<div id=\"attachment_1870\" style=\"width: 810px\" class=\"wp-caption aligncenter\"><a href=\"https:\/\/www.instagram.com\/p\/BXqOl-mgE7q\/\" target=\"_blank\" rel=\"noopener noreferrer\"><img loading=\"lazy\" decoding=\"async\" aria-describedby=\"caption-attachment-1870\" class=\"wp-image-1870 size-full\" src=\"https:\/\/destinationindigenous.ca\/wp-content\/uploads\/2020\/01\/rsalazarphotography-Instagram.jpg\" alt=\"\" width=\"800\" height=\"880\" \/><\/a><p id=\"caption-attachment-1870\" class=\"wp-caption-text\">Pow-wow Kamloopa<\/p><\/div>\n<p>Le Pow-wow Kamloopa est l\u2019une des plus grandes c\u00e9l\u00e9brations de la culture et du patrimoine des Premi\u00e8res Nations dans l\u2019ouest canadien. Cet \u00e9v\u00e9nement est une vitrine dynamique de contes, de chants et de danses en r\u00e9galias traditionnels. Le pow-wow pr\u00e9sente les \u00e9v\u00e9nements et histoires de plusieurs ann\u00e9es au cours de trois jours int\u00e9ressants au <em>Secwepemc Powwow Grounds<\/em> situ\u00e9 \u00e0 2 minutes du centre-ville, le long de la rivi\u00e8re South Thompson \u00e0 Kamloops.<\/p>\n<p>&nbsp;<\/p>\n<p><a href=\"http:\/\/www.presenceautochtone.ca\/fr\" target=\"_blank\" rel=\"noopener noreferrer\"><strong>Festival pr\u00e9sence autochtone de Montr\u00e9al<\/strong><\/a>\u00a0<strong> \u00a0 \u00a0 \u00a0\u00a0 8-15 ao\u00fbt 2018 \u00e0 Montr\u00e9al, au Qu\u00e9bec<\/strong><\/p>\n<div id=\"attachment_1871\" style=\"width: 810px\" class=\"wp-caption aligncenter\"><a href=\"https:\/\/www.instagram.com\/p\/BKgQtLEAhbC\/\" target=\"_blank\" rel=\"noopener noreferrer\"><img loading=\"lazy\" decoding=\"async\" aria-describedby=\"caption-attachment-1871\" class=\"wp-image-1871 size-full\" src=\"https:\/\/destinationindigenous.ca\/wp-content\/uploads\/2020\/01\/lolalapirate-Instagram.jpg\" alt=\"\" width=\"800\" height=\"880\" \/><\/a><p id=\"caption-attachment-1871\" class=\"wp-caption-text\">Festival pr\u00e9sence autochtone de Montr\u00e9al<\/p><\/div>\n<p>Le Festival pr\u00e9sence autochtone de Montr\u00e9al est une exp\u00e9rience multi-disciplinaire et multi-sensorielle qui c\u00e9l\u00e8bre les 11 diff\u00e9rentes nations autochtones du Qu\u00e9bec. Pendant une semaine, la Place des festivals vibrera au rythme de la musique, de la danse, des films, de l\u2019art, de la po\u00e9sie et de l\u2019\u00e9lectro. Situ\u00e9e dans le centre-ville de Montr\u00e9al, cette Place sera transform\u00e9e en un lieu d\u2019immersion dans la culture des Premi\u00e8res Nations.<\/p>\n<p>&nbsp;<\/p>\n<h4><a href=\"http:\/\/www.akwesasnepowwow.com\/\" target=\"_blank\" rel=\"noopener noreferrer\"><strong>Pow-wow international d&rsquo;Akwesasne<\/strong><\/a><strong>\u00a0 \u00a0 \u00a0 \u00a0 \u00a0 8-9 septembre 2018 sur l\u2019\u00eele Cornwall, en Ontario<\/strong><\/h4>\n<p>Le Pow-wow international d\u2019Akwesasne a lieu chaque ann\u00e9e en septembre, la fin de semaine suivant la f\u00eate du Travail, \u00e0 l\u2019<em>A\u2019nowara\u2019ko:wa Arena<\/em> sur l\u2019\u00eele Cornwall, en Ontario. Sur les rives du magnifique fleuve Saint-Laurent, les visiteurs peuvent profiter de cet \u00e9v\u00e9nement de deux jours avec de la bonne musique et une cuisine savoureuse en agr\u00e9able compagnie. Les meilleurs artisans, joueurs de tambour et danseurs autochtones de la r\u00e9gion seront au rendez-vous.<\/p>\n<p>&nbsp;<\/p>\n<h4><a href=\"http:\/\/www.imaginenative.org\/\" target=\"_blank\" rel=\"noopener noreferrer\"><strong>imagineNATIVE Film &amp; Media Arts Festival\u00a0<\/strong><\/a><strong>\u00a0 \u00a0 \u00a0 \u00a0 \u00a0Octobre 2018 \u00e0 Toronto, en Ontario<\/strong><\/h4>\n<div id=\"attachment_1872\" style=\"width: 810px\" class=\"wp-caption aligncenter\"><a href=\"https:\/\/www.instagram.com\/p\/BaknnHghAHD\/\" target=\"_blank\" rel=\"noopener noreferrer\"><img loading=\"lazy\" decoding=\"async\" aria-describedby=\"caption-attachment-1872\" class=\"wp-image-1872 size-full\" src=\"https:\/\/destinationindigenous.ca\/wp-content\/uploads\/2020\/01\/nivipedersen-Instagram.jpg\" alt=\"\" width=\"800\" height=\"880\" \/><\/a><p id=\"caption-attachment-1872\" class=\"wp-caption-text\">imagineNATIVE<\/p><\/div>\n<p>Le festival imagineNATIVE est le plus grand diffuseur de contenu cin\u00e9matographique autochtone du monde entier. Reconnue \u00e0 l\u2019\u00e9chelle locale, nationale et internationale pour l\u2019excellence et l\u2019avant-gardisme de sa programmation, l\u2019organisation est \u00e9galement consid\u00e9r\u00e9e comme le carrefour mondial des arts m\u00e9diatiques autochtones. ImagineNATIVE (entit\u00e9 juridique\u00a0: <em>The Centre for Aboriginal Media<\/em>) est un organisme de bienfaisance enregistr\u00e9 qui s\u2019est engag\u00e9 \u00e0 mieux faire conna\u00eetre les peuples et les cultures autochtones en pr\u00e9sentant des \u0153uvres m\u00e9diatiques contemporaines r\u00e9alis\u00e9es par des artistes autochtones (films, vid\u00e9os, m\u00e9dias audio et num\u00e9riques).<\/p>\n<p>&nbsp;<\/p>\n","protected":false},"excerpt":{"rendered":"<p>L&rsquo;ann\u00e9e derni\u00e8re nous avons publi\u00e9 un calendrier des pow-wows \u00e0 travers le Canada qui fut tr\u00e8s populaire. Nous travaillons pr\u00e9sentement sur la liste des pow-wows 2018.<\/p>\n","protected":false},"author":7,"featured_media":0,"comment_status":"closed","ping_status":"closed","sticky":false,"template":"","format":"standard","meta":[],"categories":[4],"tags":[],"class_list":["post-4054","post","type-post","status-publish","format-standard","hentry","category-non-classifiee","region-alberta-fr","region-colombie-britannique","region-manitoba-fr","region-nunavut-fr","region-ontario-fr","region-quebec-fr","region-saskatchewan-fr","region-territoire-du-nord-ouest","the_post_type-blog-post","listing_sub_type-festival-fr","listing_sub_type-pow-wow-fr"],"yoast_head":"<!-- This site is optimized with the Yoast SEO Premium plugin v24.2 (Yoast SEO v24.2) - https:\/\/yoast.com\/wordpress\/plugins\/seo\/ -->\n<title>\u00c9v\u00e9nements autochtones au Canada en 2018 - Destination Autochtones<\/title>\n<meta name=\"description\" content=\"L&#039;ann\u00e9e derni\u00e8re nous avons publi\u00e9 un calendrier des pow-wows \u00e0 travers le Canada qui fut tr\u00e8s populaire. Nous travaillons pr\u00e9sentement sur la liste des pow-wows 2018.\" \/>\n<meta name=\"robots\" content=\"index, follow, max-snippet:-1, max-image-preview:large, max-video-preview:-1\" \/>\n<link rel=\"canonical\" href=\"https:\/\/destinationindigenous.ca\/fr\/blog\/evenements-autochtones-au-canada-en-2018\/\" \/>\n<meta property=\"og:locale\" content=\"fr_FR\" \/>\n<meta property=\"og:type\" content=\"article\" \/>\n<meta property=\"og:title\" content=\"\u00c9v\u00e9nements autochtones au Canada en 2018\" \/>\n<meta property=\"og:description\" content=\"L&#039;ann\u00e9e derni\u00e8re nous avons publi\u00e9 un calendrier des pow-wows \u00e0 travers le Canada qui fut tr\u00e8s populaire. Nous travaillons pr\u00e9sentement sur la liste des pow-wows 2018.\" \/>\n<meta property=\"og:url\" content=\"https:\/\/destinationindigenous.ca\/fr\/blog\/evenements-autochtones-au-canada-en-2018\/\" \/>\n<meta property=\"og:site_name\" content=\"DI - Planificateur de s\u00e9jour\" \/>\n<meta property=\"article:published_time\" content=\"2018-02-05T08:00:00+00:00\" \/>\n<meta property=\"article:modified_time\" content=\"2020-12-10T23:27:35+00:00\" \/>\n<meta property=\"og:image\" content=\"https:\/\/destinationindigenous.ca\/wp-content\/uploads\/2020\/01\/manitoahbee-Instagram.jpg\" \/>\n<meta name=\"author\" content=\"Den\u00e9 Sinclair\" \/>\n<meta name=\"twitter:card\" content=\"summary_large_image\" \/>\n<meta name=\"twitter:label1\" content=\"\u00c9crit par\" \/>\n\t<meta name=\"twitter:data1\" content=\"Mme Den\u00e9 Sinclair\" \/>\n\t<meta name=\"twitter:label2\" content=\"Dur\u00e9e de lecture estim\u00e9e\" \/>\n\t<meta name=\"twitter:data2\" content=\"10 minutes\" \/>\n<script type=\"application\/ld+json\" class=\"yoast-schema-graph\">{\"@context\":\"https:\/\/schema.org\",\"@graph\":[{\"@type\":\"Article\",\"@id\":\"https:\/\/destinationindigenous.ca\/fr\/blog\/evenements-autochtones-au-canada-en-2018\/#article\",\"isPartOf\":{\"@id\":\"https:\/\/destinationindigenous.ca\/fr\/blog\/evenements-autochtones-au-canada-en-2018\/\"},\"author\":{\"name\":\"Den\u00e9 Sinclair\",\"@id\":\"https:\/\/destinationindigenous.ca\/fr\/#\/schema\/person\/3645456eaabef9403a97620cb157ced3\"},\"headline\":\"\u00c9v\u00e9nements autochtones au Canada en 2018\",\"datePublished\":\"2018-02-05T08:00:00+00:00\",\"dateModified\":\"2020-12-10T23:27:35+00:00\",\"mainEntityOfPage\":{\"@id\":\"https:\/\/destinationindigenous.ca\/fr\/blog\/evenements-autochtones-au-canada-en-2018\/\"},\"wordCount\":1936,\"publisher\":{\"@id\":\"https:\/\/destinationindigenous.ca\/fr\/#organization\"},\"image\":{\"@id\":\"https:\/\/destinationindigenous.ca\/fr\/blog\/evenements-autochtones-au-canada-en-2018\/#primaryimage\"},\"thumbnailUrl\":\"https:\/\/destinationindigenous.ca\/wp-content\/uploads\/2020\/01\/manitoahbee-Instagram.jpg\",\"articleSection\":[\"Non classifi\u00e9(e)\"],\"inLanguage\":\"fr-FR\"},{\"@type\":\"WebPage\",\"@id\":\"https:\/\/destinationindigenous.ca\/fr\/blog\/evenements-autochtones-au-canada-en-2018\/\",\"url\":\"https:\/\/destinationindigenous.ca\/fr\/blog\/evenements-autochtones-au-canada-en-2018\/\",\"name\":\"\u00c9v\u00e9nements autochtones au Canada en 2018 - Destination Autochtones\",\"isPartOf\":{\"@id\":\"https:\/\/destinationindigenous.ca\/fr\/#website\"},\"primaryImageOfPage\":{\"@id\":\"https:\/\/destinationindigenous.ca\/fr\/blog\/evenements-autochtones-au-canada-en-2018\/#primaryimage\"},\"image\":{\"@id\":\"https:\/\/destinationindigenous.ca\/fr\/blog\/evenements-autochtones-au-canada-en-2018\/#primaryimage\"},\"thumbnailUrl\":\"https:\/\/destinationindigenous.ca\/wp-content\/uploads\/2020\/01\/manitoahbee-Instagram.jpg\",\"datePublished\":\"2018-02-05T08:00:00+00:00\",\"dateModified\":\"2020-12-10T23:27:35+00:00\",\"description\":\"L'ann\u00e9e derni\u00e8re nous avons publi\u00e9 un calendrier des pow-wows \u00e0 travers le Canada qui fut tr\u00e8s populaire. Nous travaillons pr\u00e9sentement sur la liste des pow-wows 2018.\",\"breadcrumb\":{\"@id\":\"https:\/\/destinationindigenous.ca\/fr\/blog\/evenements-autochtones-au-canada-en-2018\/#breadcrumb\"},\"inLanguage\":\"fr-FR\",\"potentialAction\":[{\"@type\":\"ReadAction\",\"target\":[\"https:\/\/destinationindigenous.ca\/fr\/blog\/evenements-autochtones-au-canada-en-2018\/\"]}]},{\"@type\":\"ImageObject\",\"inLanguage\":\"fr-FR\",\"@id\":\"https:\/\/destinationindigenous.ca\/fr\/blog\/evenements-autochtones-au-canada-en-2018\/#primaryimage\",\"url\":\"https:\/\/destinationindigenous.ca\/wp-content\/uploads\/2020\/01\/manitoahbee-Instagram.jpg\",\"contentUrl\":\"https:\/\/destinationindigenous.ca\/wp-content\/uploads\/2020\/01\/manitoahbee-Instagram.jpg\"},{\"@type\":\"BreadcrumbList\",\"@id\":\"https:\/\/destinationindigenous.ca\/fr\/blog\/evenements-autochtones-au-canada-en-2018\/#breadcrumb\",\"itemListElement\":[{\"@type\":\"ListItem\",\"position\":1,\"name\":\"Home\",\"item\":\"https:\/\/destinationindigenous.ca\/fr\/\"},{\"@type\":\"ListItem\",\"position\":2,\"name\":\"\u00c9v\u00e9nements autochtones au Canada en 2018\"}]},{\"@type\":\"WebSite\",\"@id\":\"https:\/\/destinationindigenous.ca\/fr\/#website\",\"url\":\"https:\/\/destinationindigenous.ca\/fr\/\",\"name\":\"DI - Planificateur de s\u00e9jour\",\"description\":\"Indigenous travel experiences from across Canada\",\"publisher\":{\"@id\":\"https:\/\/destinationindigenous.ca\/fr\/#organization\"},\"potentialAction\":[{\"@type\":\"SearchAction\",\"target\":{\"@type\":\"EntryPoint\",\"urlTemplate\":\"https:\/\/destinationindigenous.ca\/fr\/?s={search_term_string}\"},\"query-input\":{\"@type\":\"PropertyValueSpecification\",\"valueRequired\":true,\"valueName\":\"search_term_string\"}}],\"inLanguage\":\"fr-FR\"},{\"@type\":\"Organization\",\"@id\":\"https:\/\/destinationindigenous.ca\/fr\/#organization\",\"name\":\"Destination Indigenous\",\"url\":\"https:\/\/destinationindigenous.ca\/fr\/\",\"logo\":{\"@type\":\"ImageObject\",\"inLanguage\":\"fr-FR\",\"@id\":\"https:\/\/destinationindigenous.ca\/fr\/#\/schema\/logo\/image\/\",\"url\":\"https:\/\/destinationindigenous.ca\/wp-content\/uploads\/2022\/08\/di-logo-navbar@2x.png\",\"contentUrl\":\"https:\/\/destinationindigenous.ca\/wp-content\/uploads\/2022\/08\/di-logo-navbar@2x.png\",\"width\":960,\"height\":61,\"caption\":\"Destination Indigenous\"},\"image\":{\"@id\":\"https:\/\/destinationindigenous.ca\/fr\/#\/schema\/logo\/image\/\"}},{\"@type\":\"Person\",\"@id\":\"https:\/\/destinationindigenous.ca\/fr\/#\/schema\/person\/3645456eaabef9403a97620cb157ced3\",\"name\":\"Den\u00e9 Sinclair\",\"description\":\"Den\u00e9 Sinclair was ITAC's Director of Marketing. She lives and works in Winnipeg on Treaty 1 Territory and the Homeland of the M\u00e9tis Nation. She acknowledges her traditional homeland around Selkirk, Manitoba (St. Peter\u2019s Band) as a member of Peguis First Nation and a proud Anishinaabekwe.\",\"url\":\"https:\/\/destinationindigenous.ca\/fr\/blog\/author\/itac-dene\/\"}]}<\/script>\n<!-- \/ Yoast SEO Premium plugin. -->","yoast_head_json":{"title":"\u00c9v\u00e9nements autochtones au Canada en 2018 - Destination Autochtones","description":"L'ann\u00e9e derni\u00e8re nous avons publi\u00e9 un calendrier des pow-wows \u00e0 travers le Canada qui fut tr\u00e8s populaire. Nous travaillons pr\u00e9sentement sur la liste des pow-wows 2018.","robots":{"index":"index","follow":"follow","max-snippet":"max-snippet:-1","max-image-preview":"max-image-preview:large","max-video-preview":"max-video-preview:-1"},"canonical":"https:\/\/destinationindigenous.ca\/fr\/blog\/evenements-autochtones-au-canada-en-2018\/","og_locale":"fr_FR","og_type":"article","og_title":"\u00c9v\u00e9nements autochtones au Canada en 2018","og_description":"L'ann\u00e9e derni\u00e8re nous avons publi\u00e9 un calendrier des pow-wows \u00e0 travers le Canada qui fut tr\u00e8s populaire. Nous travaillons pr\u00e9sentement sur la liste des pow-wows 2018.","og_url":"https:\/\/destinationindigenous.ca\/fr\/blog\/evenements-autochtones-au-canada-en-2018\/","og_site_name":"DI - Planificateur de s\u00e9jour","article_published_time":"2018-02-05T08:00:00+00:00","article_modified_time":"2020-12-10T23:27:35+00:00","og_image":[{"url":"https:\/\/destinationindigenous.ca\/wp-content\/uploads\/2020\/01\/manitoahbee-Instagram.jpg","type":"","width":"","height":""}],"author":"Den\u00e9 Sinclair","twitter_card":"summary_large_image","twitter_misc":{"\u00c9crit par":"Mme Den\u00e9 Sinclair","Dur\u00e9e de lecture estim\u00e9e":"10 minutes"},"schema":{"@context":"https:\/\/schema.org","@graph":[{"@type":"Article","@id":"https:\/\/destinationindigenous.ca\/fr\/blog\/evenements-autochtones-au-canada-en-2018\/#article","isPartOf":{"@id":"https:\/\/destinationindigenous.ca\/fr\/blog\/evenements-autochtones-au-canada-en-2018\/"},"author":{"name":"Den\u00e9 Sinclair","@id":"https:\/\/destinationindigenous.ca\/fr\/#\/schema\/person\/3645456eaabef9403a97620cb157ced3"},"headline":"\u00c9v\u00e9nements autochtones au Canada en 2018","datePublished":"2018-02-05T08:00:00+00:00","dateModified":"2020-12-10T23:27:35+00:00","mainEntityOfPage":{"@id":"https:\/\/destinationindigenous.ca\/fr\/blog\/evenements-autochtones-au-canada-en-2018\/"},"wordCount":1936,"publisher":{"@id":"https:\/\/destinationindigenous.ca\/fr\/#organization"},"image":{"@id":"https:\/\/destinationindigenous.ca\/fr\/blog\/evenements-autochtones-au-canada-en-2018\/#primaryimage"},"thumbnailUrl":"https:\/\/destinationindigenous.ca\/wp-content\/uploads\/2020\/01\/manitoahbee-Instagram.jpg","articleSection":["Non classifi\u00e9(e)"],"inLanguage":"fr-FR"},{"@type":"WebPage","@id":"https:\/\/destinationindigenous.ca\/fr\/blog\/evenements-autochtones-au-canada-en-2018\/","url":"https:\/\/destinationindigenous.ca\/fr\/blog\/evenements-autochtones-au-canada-en-2018\/","name":"\u00c9v\u00e9nements autochtones au Canada en 2018 - Destination Autochtones","isPartOf":{"@id":"https:\/\/destinationindigenous.ca\/fr\/#website"},"primaryImageOfPage":{"@id":"https:\/\/destinationindigenous.ca\/fr\/blog\/evenements-autochtones-au-canada-en-2018\/#primaryimage"},"image":{"@id":"https:\/\/destinationindigenous.ca\/fr\/blog\/evenements-autochtones-au-canada-en-2018\/#primaryimage"},"thumbnailUrl":"https:\/\/destinationindigenous.ca\/wp-content\/uploads\/2020\/01\/manitoahbee-Instagram.jpg","datePublished":"2018-02-05T08:00:00+00:00","dateModified":"2020-12-10T23:27:35+00:00","description":"L'ann\u00e9e derni\u00e8re nous avons publi\u00e9 un calendrier des pow-wows \u00e0 travers le Canada qui fut tr\u00e8s populaire. Nous travaillons pr\u00e9sentement sur la liste des pow-wows 2018.","breadcrumb":{"@id":"https:\/\/destinationindigenous.ca\/fr\/blog\/evenements-autochtones-au-canada-en-2018\/#breadcrumb"},"inLanguage":"fr-FR","potentialAction":[{"@type":"ReadAction","target":["https:\/\/destinationindigenous.ca\/fr\/blog\/evenements-autochtones-au-canada-en-2018\/"]}]},{"@type":"ImageObject","inLanguage":"fr-FR","@id":"https:\/\/destinationindigenous.ca\/fr\/blog\/evenements-autochtones-au-canada-en-2018\/#primaryimage","url":"https:\/\/destinationindigenous.ca\/wp-content\/uploads\/2020\/01\/manitoahbee-Instagram.jpg","contentUrl":"https:\/\/destinationindigenous.ca\/wp-content\/uploads\/2020\/01\/manitoahbee-Instagram.jpg"},{"@type":"BreadcrumbList","@id":"https:\/\/destinationindigenous.ca\/fr\/blog\/evenements-autochtones-au-canada-en-2018\/#breadcrumb","itemListElement":[{"@type":"ListItem","position":1,"name":"Home","item":"https:\/\/destinationindigenous.ca\/fr\/"},{"@type":"ListItem","position":2,"name":"\u00c9v\u00e9nements autochtones au Canada en 2018"}]},{"@type":"WebSite","@id":"https:\/\/destinationindigenous.ca\/fr\/#website","url":"https:\/\/destinationindigenous.ca\/fr\/","name":"DI - Planificateur de s\u00e9jour","description":"Indigenous travel experiences from across Canada","publisher":{"@id":"https:\/\/destinationindigenous.ca\/fr\/#organization"},"potentialAction":[{"@type":"SearchAction","target":{"@type":"EntryPoint","urlTemplate":"https:\/\/destinationindigenous.ca\/fr\/?s={search_term_string}"},"query-input":{"@type":"PropertyValueSpecification","valueRequired":true,"valueName":"search_term_string"}}],"inLanguage":"fr-FR"},{"@type":"Organization","@id":"https:\/\/destinationindigenous.ca\/fr\/#organization","name":"Destination Indigenous","url":"https:\/\/destinationindigenous.ca\/fr\/","logo":{"@type":"ImageObject","inLanguage":"fr-FR","@id":"https:\/\/destinationindigenous.ca\/fr\/#\/schema\/logo\/image\/","url":"https:\/\/destinationindigenous.ca\/wp-content\/uploads\/2022\/08\/di-logo-navbar@2x.png","contentUrl":"https:\/\/destinationindigenous.ca\/wp-content\/uploads\/2022\/08\/di-logo-navbar@2x.png","width":960,"height":61,"caption":"Destination Indigenous"},"image":{"@id":"https:\/\/destinationindigenous.ca\/fr\/#\/schema\/logo\/image\/"}},{"@type":"Person","@id":"https:\/\/destinationindigenous.ca\/fr\/#\/schema\/person\/3645456eaabef9403a97620cb157ced3","name":"Den\u00e9 Sinclair","description":"Den\u00e9 Sinclair was ITAC's Director of Marketing. She lives and works in Winnipeg on Treaty 1 Territory and the Homeland of the M\u00e9tis Nation. She acknowledges her traditional homeland around Selkirk, Manitoba (St. Peter\u2019s Band) as a member of Peguis First Nation and a proud Anishinaabekwe.","url":"https:\/\/destinationindigenous.ca\/fr\/blog\/author\/itac-dene\/"}]}},"_links":{"self":[{"href":"https:\/\/destinationindigenous.ca\/fr\/wp-json\/wp\/v2\/posts\/4054","targetHints":{"allow":["GET"]}}],"collection":[{"href":"https:\/\/destinationindigenous.ca\/fr\/wp-json\/wp\/v2\/posts"}],"about":[{"href":"https:\/\/destinationindigenous.ca\/fr\/wp-json\/wp\/v2\/types\/post"}],"author":[{"embeddable":true,"href":"https:\/\/destinationindigenous.ca\/fr\/wp-json\/wp\/v2\/users\/7"}],"replies":[{"embeddable":true,"href":"https:\/\/destinationindigenous.ca\/fr\/wp-json\/wp\/v2\/comments?post=4054"}],"version-history":[{"count":0,"href":"https:\/\/destinationindigenous.ca\/fr\/wp-json\/wp\/v2\/posts\/4054\/revisions"}],"wp:attachment":[{"href":"https:\/\/destinationindigenous.ca\/fr\/wp-json\/wp\/v2\/media?parent=4054"}],"wp:term":[{"taxonomy":"category","embeddable":true,"href":"https:\/\/destinationindigenous.ca\/fr\/wp-json\/wp\/v2\/categories?post=4054"},{"taxonomy":"post_tag","embeddable":true,"href":"https:\/\/destinationindigenous.ca\/fr\/wp-json\/wp\/v2\/tags?post=4054"}],"curies":[{"name":"wp","href":"https:\/\/api.w.org\/{rel}","templated":true}]}}