{"id":4058,"date":"2018-02-09T00:00:00","date_gmt":"2018-02-09T08:00:00","guid":{"rendered":"https:\/\/destinationindigenous.ca\/musique-et-musiciens-autochtones\/"},"modified":"2022-11-28T07:31:32","modified_gmt":"2022-11-28T15:31:32","slug":"musique-et-musiciens-autochtones","status":"publish","type":"post","link":"https:\/\/destinationindigenous.ca\/fr\/blog\/musique-et-musiciens-autochtones\/","title":{"rendered":"Musique et musiciens autochtones"},"content":{"rendered":"<p>Les musiciens d\u2019une communaut\u00e9 transmettent l\u2019\u00e2me de leur culture \u00e0 travers leurs chants et leurs m\u00e9lodies. La musique fait partie int\u00e9grante de la vie des communaut\u00e9s autochtones au Canada et constitue l\u2019\u00e9pine dorsale des croyances spirituelles, culturelles et familiales. \u00c0 l\u2019image des paysages riches et vari\u00e9s et la mosa\u00efque linguistique complexe du Canada \u2013 comptant une soixantaine de langues autochtones distinctes \u2013 la musique autochtone est tr\u00e8s diverse.<\/p>\n<p>Alors que les instruments traditionnels comme le tambour, la fl\u00fbte, le hochet ainsi que les chants sont tr\u00e8s populaires dans la musique traditionnelle, il existe un large \u00e9ventail de traditions et de r\u00e9pertoires musicaux distincts. Les chansons peuvent \u00eatre compos\u00e9es par une personne ou r\u00e9v\u00e9l\u00e9es dans un r\u00eave ou une vision. Elles peuvent \u00eatre transmises d\u2019une g\u00e9n\u00e9ration \u00e0 l\u2019autre. Plusieurs chansons traditionnelles interpr\u00e9t\u00e9es aujourd\u2019hui ont les m\u00eames m\u00e9lodies qui se perp\u00e9tuent dans les communaut\u00e9s autochtones depuis des milliers d\u2019ann\u00e9es. Au cours des derni\u00e8res ann\u00e9es, de nouveaux genres incorporant les styles musicaux contemporains comme la pop, le rock, le country ou le hip-hop ont vu le jour. De plus, certains artistes autochtones choisissent d\u2019incorporer le langage, les techniques et les instruments contemporains aux styles musicaux traditionnels de leurs communaut\u00e9s.<\/p>\n<p>Le duo de la musique \u00e9lectronique <strong><a href=\"http:\/\/atribecalledred.com\/\" target=\"_blank\" rel=\"noopener noreferrer\">A Tribe Called Red<\/a><\/strong> \u2013 bas\u00e9 \u00e0 Ottawa \u2013 m\u00e9lange les rythmes de danse, de hip-hop et de dubstep avec les sons de tambour et les chants de pow-wow, la po\u00e9sie et la narration et collabore aussi avec d\u2019autres artistes autochtones. Leur style se nomme Electric Pow-Wow. Le duo inspire l\u2019action sociale en prenant la parole pour les droits autochtones et contre l\u2019appropriation culturelle.<\/p>\n<p>Les musiciens autochtones d\u2019aujourd\u2019hui s\u2019appuient sur des styles musicaux traditionnels tout en racontant des histoires contemporaines, comme l\u2019embl\u00e9matique chanteuse-compositrice crie <a href=\"http:\/\/buffysainte-marie.com\/\" target=\"_blank\" rel=\"noopener noreferrer\"><strong>Buffy Sainte-Marie <\/strong><\/a>surtout connue pour ses chansons d\u2019amour avec une touche d\u2019activisme. La musique est \u00e9galement un moyen de pr\u00e9server les langues et de c\u00e9l\u00e9brer les communaut\u00e9s comme en t\u00e9moigne le groupe <strong><em><a href=\"https:\/\/www.thejerrycans.com\/\" target=\"_blank\" rel=\"noopener noreferrer\">The Jerry Can<\/a>s, <\/em><\/strong>l\u2019\u00e9toile montante du Nord. Les musiciens de ce groupe concoctent un m\u00e9tissage exceptionnel compos\u00e9 d\u2019alt-country inuktitut, de chant de gorge et de reggae, c\u00e9l\u00e9brant leur culture inuk et leur ville natale d\u2019Iqaluit au Nunavut. Plusieurs de leurs chansons sont d\u2019ailleurs en inuktitut. Ces musiciens sont de fervents d\u00e9fenseurs de leur langue alors que le Nord et leur communaut\u00e9 natale d\u2019Iqaluit \u00e9voluent.<\/p>\n<p>&nbsp;<\/p>\n<p>La chanteuse de gorge inuite prim\u00e9e d\u2019Ikaluktuutiak, <a href=\"https:\/\/tanyatagaq.com\/\" target=\"_blank\" rel=\"noopener noreferrer\"><strong>Tanya Tagaq<\/strong><\/a>, une autre \u00e9toile du Nord, fusionne le chant de gorge traditionnel et des percussions, des compositions symphoniques et des \u00e9l\u00e9ments \u00e9lectroniques. Des observations aux tons politiques et l\u2019\u00e9galit\u00e9 sociale figurent parmi ses th\u00e8mes. Allant des DJs aux vedettes country, des violoneux et des rappeurs au groupe de pow-wow <a href=\"https:\/\/www.facebook.com\/officialnortherncree\/\" target=\"_blank\" rel=\"noopener noreferrer\"><strong>Northern Cree<\/strong><\/a> plusieurs fois nomin\u00e9 aux <em>Grammy Music Awards<\/em>, la sc\u00e8ne musicale autochtone d\u2019aujourd\u2019hui est aussi diverse que ses gens. Les musiciens autochtones expriment leurs perspectives sur les enjeux sociaux tels la culture et les langues dans une d\u00e9marche de partage avec le monde entier.<\/p>\n<p><a href=\"https:\/\/www.instagram.com\/p\/BegbN56FW0g\/?taken-by=officialnortherncree\">https:\/\/www.instagram.com\/p\/BegbN56FW0g\/?taken-by=officialnortherncree<\/a><\/p>\n<p>&nbsp;<\/p>\n<p>Le Canada regorge d\u2019\u00e9v\u00e9nements mettant en valeur les divers styles de musique autochtone contemporaine. Tenus chaque printemps \u00e0 Winnipeg dans le cadre du <strong><a href=\"https:\/\/www.manitoahbee.com\/\" target=\"_blank\" rel=\"noopener noreferrer\">Festival Manito Ahbee<\/a><\/strong>, les <a href=\"https:\/\/www.indigenousmusicawards.com\/\" target=\"_blank\" rel=\"noopener noreferrer\"><strong><em>Indigenous Music Awards<\/em> (IMA) <\/strong><\/a>c\u00e9l\u00e8brent la musique autochtone du monde entier \u00e0 travers une \u00e9mission t\u00e9l\u00e9vis\u00e9e.<\/p>\n<p>&nbsp;<\/p>\n<p>La <a href=\"https:\/\/www.aboriginalmusicweek.ca\/\" target=\"_blank\" rel=\"noopener noreferrer\"><strong>Semaine de la musique autochtone <\/strong><\/a>pr\u00e9sente des artistes m\u00e9tis, inuits et autochtones venus interpr\u00e9ter une vaste gamme de genres musicaux. L\u2019APTN tient la <a href=\"http:\/\/indigenousdaylive.ca\/\" target=\"_blank\" rel=\"noopener noreferrer\"><strong>Journ\u00e9e des Autochtones en direct<\/strong><\/a>, une s\u00e9rie de concerts annuels qui ont lieu dans diff\u00e9rents endroits au Canada \u00e0 l\u2019occasion de la Journ\u00e9e nationale des peuples autochtones (le 21 juin).<\/p>\n<p><a href=\"https:\/\/www.instagram.com\/p\/BVpXIy-Fh7V\/?tagged=aboriginaldaylive\">https:\/\/www.instagram.com\/p\/BVpXIy-Fh7V\/?tagged=aboriginaldaylive<\/a><\/p>\n<p>&nbsp;<\/p>\n<p>Cette ann\u00e9e, pas moins de neuf artistes et groupes autochtones figurent parmi les nomin\u00e9s aux <a href=\"http:\/\/junoawards.ca\/\" target=\"_blank\" rel=\"noopener noreferrer\">Prix Juno<\/a> 2018! L\u2019artiste <a href=\"http:\/\/buffysainte-marie.com\/\" target=\"_blank\" rel=\"noopener noreferrer\">Buffy\u00a0Sainte-Marie<\/a> a \u00e9t\u00e9 nomin\u00e9e \u00e0 deux reprises; pour l\u2019Album de la musique autochtone de l\u2019ann\u00e9e et pour l\u2019Album des racines contemporaines de l\u2019ann\u00e9e. Les <em>Nunavut\u00a0Sivuniksavut Performers<\/em> et le <em>Winnipeg Symphony Orchestra<\/em> ont \u00e9t\u00e9 nomin\u00e9s pour l\u2019Album classique de l\u2019ann\u00e9e\u00a0: grand ensemble. Dans la cat\u00e9gorie Album des racines contemporaines de l\u2019ann\u00e9e, on retrouve \u00e9galement <a href=\"https:\/\/www.thejerrycans.com\/\" target=\"_blank\" rel=\"noopener noreferrer\"><em>The\u00a0Jerry\u00a0Cans<\/em><\/a>. L\u2019artiste Tanya Tagaq a \u00e9t\u00e9, quant \u00e0 elle, nomin\u00e9e pour l&rsquo;Album alternatif de l&rsquo;ann\u00e9e. Le groupe <a href=\"http:\/\/atribecalledred.com\/\" target=\"_blank\" rel=\"noopener noreferrer\"><em>A Tribe Called Red<\/em><\/a> a re\u00e7u une nomination dans la cat\u00e9gorie Groupe de l\u2019ann\u00e9e. <a href=\"https:\/\/www.djshub.ca\/\" target=\"_blank\" rel=\"noopener noreferrer\">DJ Shub<\/a>\u200b,\u00a0<a href=\"http:\/\/www.indiancity.ca\/\" target=\"_blank\" rel=\"noopener noreferrer\"><em>Indian City<\/em><\/a>,\u00a0<a href=\"http:\/\/iskwe.com\/\" target=\"_blank\" rel=\"noopener noreferrer\">Iskw\u00e9<\/a> et\u00a0\u200bKelly Fraser\u00a0 ont \u00e9galement \u00e9t\u00e9 en nomination pour l\u2019Album de la musique autochtone de l\u2019ann\u00e9e.<\/p>\n<p>L\u2019<a href=\"https:\/\/www.aboriginalbc.com\/\" target=\"_blank\" rel=\"noopener noreferrer\"><strong><em>Indigenous Tourism BC<\/em> <\/strong><\/a>pr\u00e9sente une liste de grands \u00e9v\u00e9nements compos\u00e9s de musique, incluant les pow-wows saisonniers. La <strong><a href=\"http:\/\/www.yfnct.ca\/\" target=\"_blank\" rel=\"noopener noreferrer\"><em>Yukon First Nations Culture &amp; Tourism Association<\/em><\/a><\/strong> propose une longue liste incluant le <a href=\"http:\/\/www.adakafestival.ca\/\" target=\"_blank\" rel=\"noopener noreferrer\"><strong>Festival culturel Ad\u00e4ka <\/strong><\/a>et le <strong><em>Moosehide Gathering<\/em><\/strong> \u00e0 Dawson City. Des centaines de pow-wows ont lieu dans les communaut\u00e9s tout l\u2019\u00e9t\u00e9 au Canada. Ces c\u00e9l\u00e9brations sont ouvertes au public. Pour en savoir plus, r\u00e9f\u00e9rez-vous \u00e0 la liste des pow-wows qui ont lieu dans votre r\u00e9gion.<\/p>\n<p><a href=\"https:\/\/www.instagram.com\/p\/Bel1ge2AXlm\/?taken-by=adakaculturalfestival\">https:\/\/www.instagram.com\/p\/Bel1ge2AXlm\/?taken-by=adakaculturalfestival<\/a><\/p>\n<p>&nbsp;<\/p>\n","protected":false},"excerpt":{"rendered":"<p>Les musiciens d\u2019une communaut\u00e9 transmettent l\u2019\u00e2me de leur culture \u00e0 travers leurs chants et leurs m\u00e9lodies. La musique fait partie [&hellip;]<\/p>\n","protected":false},"author":8,"featured_media":0,"comment_status":"closed","ping_status":"closed","sticky":false,"template":"","format":"standard","meta":[],"categories":[4],"tags":[],"class_list":["post-4058","post","type-post","status-publish","format-standard","hentry","category-non-classifiee","region-manitoba-fr","region-ontario-fr","the_post_type-blog-post","listing_sub_type-culture-heritage-fr","listing_sub_type-performances-culturelles"],"yoast_head":"<!-- This site is optimized with the Yoast SEO Premium plugin v24.2 (Yoast SEO v24.2) - https:\/\/yoast.com\/wordpress\/plugins\/seo\/ -->\n<title>Musique et musiciens autochtones - Destination Autochtones<\/title>\n<meta name=\"description\" content=\"Les musiciens d\u2019une communaut\u00e9 transmettent l\u2019\u00e2me de leur culture \u00e0 travers leurs chants et leurs m\u00e9lodies. La musique fait partie int\u00e9grante de la vie\" \/>\n<meta name=\"robots\" content=\"index, follow, max-snippet:-1, max-image-preview:large, max-video-preview:-1\" \/>\n<link rel=\"canonical\" href=\"https:\/\/destinationindigenous.ca\/fr\/blog\/musique-et-musiciens-autochtones\/\" \/>\n<meta property=\"og:locale\" content=\"fr_FR\" \/>\n<meta property=\"og:type\" content=\"article\" \/>\n<meta property=\"og:title\" content=\"Musique et musiciens autochtones\" \/>\n<meta property=\"og:description\" content=\"Les musiciens d\u2019une communaut\u00e9 transmettent l\u2019\u00e2me de leur culture \u00e0 travers leurs chants et leurs m\u00e9lodies. La musique fait partie int\u00e9grante de la vie\" \/>\n<meta property=\"og:url\" content=\"https:\/\/destinationindigenous.ca\/fr\/blog\/musique-et-musiciens-autochtones\/\" \/>\n<meta property=\"og:site_name\" content=\"DI - Planificateur de s\u00e9jour\" \/>\n<meta property=\"article:published_time\" content=\"2018-02-09T08:00:00+00:00\" \/>\n<meta property=\"article:modified_time\" content=\"2022-11-28T15:31:32+00:00\" \/>\n<meta name=\"author\" content=\"Sarah James\" \/>\n<meta name=\"twitter:card\" content=\"summary_large_image\" \/>\n<meta name=\"twitter:label1\" content=\"\u00c9crit par\" \/>\n\t<meta name=\"twitter:data1\" content=\"Mme Sarah James\" \/>\n\t<meta name=\"twitter:label2\" content=\"Dur\u00e9e de lecture estim\u00e9e\" \/>\n\t<meta name=\"twitter:data2\" content=\"4 minutes\" \/>\n<script type=\"application\/ld+json\" class=\"yoast-schema-graph\">{\"@context\":\"https:\/\/schema.org\",\"@graph\":[{\"@type\":\"Article\",\"@id\":\"https:\/\/destinationindigenous.ca\/fr\/blog\/musique-et-musiciens-autochtones\/#article\",\"isPartOf\":{\"@id\":\"https:\/\/destinationindigenous.ca\/fr\/blog\/musique-et-musiciens-autochtones\/\"},\"author\":{\"name\":\"Sarah James\",\"@id\":\"https:\/\/destinationindigenous.ca\/fr\/#\/schema\/person\/6253afdc2f8dc23f78757843c0188f3f\"},\"headline\":\"Musique et musiciens autochtones\",\"datePublished\":\"2018-02-09T08:00:00+00:00\",\"dateModified\":\"2022-11-28T15:31:32+00:00\",\"mainEntityOfPage\":{\"@id\":\"https:\/\/destinationindigenous.ca\/fr\/blog\/musique-et-musiciens-autochtones\/\"},\"wordCount\":936,\"publisher\":{\"@id\":\"https:\/\/destinationindigenous.ca\/fr\/#organization\"},\"articleSection\":[\"Non classifi\u00e9(e)\"],\"inLanguage\":\"fr-FR\"},{\"@type\":\"WebPage\",\"@id\":\"https:\/\/destinationindigenous.ca\/fr\/blog\/musique-et-musiciens-autochtones\/\",\"url\":\"https:\/\/destinationindigenous.ca\/fr\/blog\/musique-et-musiciens-autochtones\/\",\"name\":\"Musique et musiciens autochtones - Destination Autochtones\",\"isPartOf\":{\"@id\":\"https:\/\/destinationindigenous.ca\/fr\/#website\"},\"datePublished\":\"2018-02-09T08:00:00+00:00\",\"dateModified\":\"2022-11-28T15:31:32+00:00\",\"description\":\"Les musiciens d\u2019une communaut\u00e9 transmettent l\u2019\u00e2me de leur culture \u00e0 travers leurs chants et leurs m\u00e9lodies. La musique fait partie int\u00e9grante de la vie\",\"breadcrumb\":{\"@id\":\"https:\/\/destinationindigenous.ca\/fr\/blog\/musique-et-musiciens-autochtones\/#breadcrumb\"},\"inLanguage\":\"fr-FR\",\"potentialAction\":[{\"@type\":\"ReadAction\",\"target\":[\"https:\/\/destinationindigenous.ca\/fr\/blog\/musique-et-musiciens-autochtones\/\"]}]},{\"@type\":\"BreadcrumbList\",\"@id\":\"https:\/\/destinationindigenous.ca\/fr\/blog\/musique-et-musiciens-autochtones\/#breadcrumb\",\"itemListElement\":[{\"@type\":\"ListItem\",\"position\":1,\"name\":\"Home\",\"item\":\"https:\/\/destinationindigenous.ca\/fr\/\"},{\"@type\":\"ListItem\",\"position\":2,\"name\":\"Musique et musiciens autochtones\"}]},{\"@type\":\"WebSite\",\"@id\":\"https:\/\/destinationindigenous.ca\/fr\/#website\",\"url\":\"https:\/\/destinationindigenous.ca\/fr\/\",\"name\":\"DI - Planificateur de s\u00e9jour\",\"description\":\"Indigenous travel experiences from across Canada\",\"publisher\":{\"@id\":\"https:\/\/destinationindigenous.ca\/fr\/#organization\"},\"potentialAction\":[{\"@type\":\"SearchAction\",\"target\":{\"@type\":\"EntryPoint\",\"urlTemplate\":\"https:\/\/destinationindigenous.ca\/fr\/?s={search_term_string}\"},\"query-input\":{\"@type\":\"PropertyValueSpecification\",\"valueRequired\":true,\"valueName\":\"search_term_string\"}}],\"inLanguage\":\"fr-FR\"},{\"@type\":\"Organization\",\"@id\":\"https:\/\/destinationindigenous.ca\/fr\/#organization\",\"name\":\"Destination Indigenous\",\"url\":\"https:\/\/destinationindigenous.ca\/fr\/\",\"logo\":{\"@type\":\"ImageObject\",\"inLanguage\":\"fr-FR\",\"@id\":\"https:\/\/destinationindigenous.ca\/fr\/#\/schema\/logo\/image\/\",\"url\":\"https:\/\/destinationindigenous.ca\/wp-content\/uploads\/2022\/08\/di-logo-navbar@2x.png\",\"contentUrl\":\"https:\/\/destinationindigenous.ca\/wp-content\/uploads\/2022\/08\/di-logo-navbar@2x.png\",\"width\":960,\"height\":61,\"caption\":\"Destination Indigenous\"},\"image\":{\"@id\":\"https:\/\/destinationindigenous.ca\/fr\/#\/schema\/logo\/image\/\"}},{\"@type\":\"Person\",\"@id\":\"https:\/\/destinationindigenous.ca\/fr\/#\/schema\/person\/6253afdc2f8dc23f78757843c0188f3f\",\"name\":\"Sarah James\",\"description\":\"Sarah James was a social media coordinator for Indigenous Canada who is passionate about enhancing the visibility of the Indigenous tourism industry in Canada.\",\"url\":\"https:\/\/destinationindigenous.ca\/fr\/blog\/author\/tuc-sarah\/\"}]}<\/script>\n<!-- \/ Yoast SEO Premium plugin. -->","yoast_head_json":{"title":"Musique et musiciens autochtones - Destination Autochtones","description":"Les musiciens d\u2019une communaut\u00e9 transmettent l\u2019\u00e2me de leur culture \u00e0 travers leurs chants et leurs m\u00e9lodies. La musique fait partie int\u00e9grante de la vie","robots":{"index":"index","follow":"follow","max-snippet":"max-snippet:-1","max-image-preview":"max-image-preview:large","max-video-preview":"max-video-preview:-1"},"canonical":"https:\/\/destinationindigenous.ca\/fr\/blog\/musique-et-musiciens-autochtones\/","og_locale":"fr_FR","og_type":"article","og_title":"Musique et musiciens autochtones","og_description":"Les musiciens d\u2019une communaut\u00e9 transmettent l\u2019\u00e2me de leur culture \u00e0 travers leurs chants et leurs m\u00e9lodies. La musique fait partie int\u00e9grante de la vie","og_url":"https:\/\/destinationindigenous.ca\/fr\/blog\/musique-et-musiciens-autochtones\/","og_site_name":"DI - Planificateur de s\u00e9jour","article_published_time":"2018-02-09T08:00:00+00:00","article_modified_time":"2022-11-28T15:31:32+00:00","author":"Sarah James","twitter_card":"summary_large_image","twitter_misc":{"\u00c9crit par":"Mme Sarah James","Dur\u00e9e de lecture estim\u00e9e":"4 minutes"},"schema":{"@context":"https:\/\/schema.org","@graph":[{"@type":"Article","@id":"https:\/\/destinationindigenous.ca\/fr\/blog\/musique-et-musiciens-autochtones\/#article","isPartOf":{"@id":"https:\/\/destinationindigenous.ca\/fr\/blog\/musique-et-musiciens-autochtones\/"},"author":{"name":"Sarah James","@id":"https:\/\/destinationindigenous.ca\/fr\/#\/schema\/person\/6253afdc2f8dc23f78757843c0188f3f"},"headline":"Musique et musiciens autochtones","datePublished":"2018-02-09T08:00:00+00:00","dateModified":"2022-11-28T15:31:32+00:00","mainEntityOfPage":{"@id":"https:\/\/destinationindigenous.ca\/fr\/blog\/musique-et-musiciens-autochtones\/"},"wordCount":936,"publisher":{"@id":"https:\/\/destinationindigenous.ca\/fr\/#organization"},"articleSection":["Non classifi\u00e9(e)"],"inLanguage":"fr-FR"},{"@type":"WebPage","@id":"https:\/\/destinationindigenous.ca\/fr\/blog\/musique-et-musiciens-autochtones\/","url":"https:\/\/destinationindigenous.ca\/fr\/blog\/musique-et-musiciens-autochtones\/","name":"Musique et musiciens autochtones - Destination Autochtones","isPartOf":{"@id":"https:\/\/destinationindigenous.ca\/fr\/#website"},"datePublished":"2018-02-09T08:00:00+00:00","dateModified":"2022-11-28T15:31:32+00:00","description":"Les musiciens d\u2019une communaut\u00e9 transmettent l\u2019\u00e2me de leur culture \u00e0 travers leurs chants et leurs m\u00e9lodies. La musique fait partie int\u00e9grante de la vie","breadcrumb":{"@id":"https:\/\/destinationindigenous.ca\/fr\/blog\/musique-et-musiciens-autochtones\/#breadcrumb"},"inLanguage":"fr-FR","potentialAction":[{"@type":"ReadAction","target":["https:\/\/destinationindigenous.ca\/fr\/blog\/musique-et-musiciens-autochtones\/"]}]},{"@type":"BreadcrumbList","@id":"https:\/\/destinationindigenous.ca\/fr\/blog\/musique-et-musiciens-autochtones\/#breadcrumb","itemListElement":[{"@type":"ListItem","position":1,"name":"Home","item":"https:\/\/destinationindigenous.ca\/fr\/"},{"@type":"ListItem","position":2,"name":"Musique et musiciens autochtones"}]},{"@type":"WebSite","@id":"https:\/\/destinationindigenous.ca\/fr\/#website","url":"https:\/\/destinationindigenous.ca\/fr\/","name":"DI - Planificateur de s\u00e9jour","description":"Indigenous travel experiences from across Canada","publisher":{"@id":"https:\/\/destinationindigenous.ca\/fr\/#organization"},"potentialAction":[{"@type":"SearchAction","target":{"@type":"EntryPoint","urlTemplate":"https:\/\/destinationindigenous.ca\/fr\/?s={search_term_string}"},"query-input":{"@type":"PropertyValueSpecification","valueRequired":true,"valueName":"search_term_string"}}],"inLanguage":"fr-FR"},{"@type":"Organization","@id":"https:\/\/destinationindigenous.ca\/fr\/#organization","name":"Destination Indigenous","url":"https:\/\/destinationindigenous.ca\/fr\/","logo":{"@type":"ImageObject","inLanguage":"fr-FR","@id":"https:\/\/destinationindigenous.ca\/fr\/#\/schema\/logo\/image\/","url":"https:\/\/destinationindigenous.ca\/wp-content\/uploads\/2022\/08\/di-logo-navbar@2x.png","contentUrl":"https:\/\/destinationindigenous.ca\/wp-content\/uploads\/2022\/08\/di-logo-navbar@2x.png","width":960,"height":61,"caption":"Destination Indigenous"},"image":{"@id":"https:\/\/destinationindigenous.ca\/fr\/#\/schema\/logo\/image\/"}},{"@type":"Person","@id":"https:\/\/destinationindigenous.ca\/fr\/#\/schema\/person\/6253afdc2f8dc23f78757843c0188f3f","name":"Sarah James","description":"Sarah James was a social media coordinator for Indigenous Canada who is passionate about enhancing the visibility of the Indigenous tourism industry in Canada.","url":"https:\/\/destinationindigenous.ca\/fr\/blog\/author\/tuc-sarah\/"}]}},"_links":{"self":[{"href":"https:\/\/destinationindigenous.ca\/fr\/wp-json\/wp\/v2\/posts\/4058","targetHints":{"allow":["GET"]}}],"collection":[{"href":"https:\/\/destinationindigenous.ca\/fr\/wp-json\/wp\/v2\/posts"}],"about":[{"href":"https:\/\/destinationindigenous.ca\/fr\/wp-json\/wp\/v2\/types\/post"}],"author":[{"embeddable":true,"href":"https:\/\/destinationindigenous.ca\/fr\/wp-json\/wp\/v2\/users\/8"}],"replies":[{"embeddable":true,"href":"https:\/\/destinationindigenous.ca\/fr\/wp-json\/wp\/v2\/comments?post=4058"}],"version-history":[{"count":0,"href":"https:\/\/destinationindigenous.ca\/fr\/wp-json\/wp\/v2\/posts\/4058\/revisions"}],"wp:attachment":[{"href":"https:\/\/destinationindigenous.ca\/fr\/wp-json\/wp\/v2\/media?parent=4058"}],"wp:term":[{"taxonomy":"category","embeddable":true,"href":"https:\/\/destinationindigenous.ca\/fr\/wp-json\/wp\/v2\/categories?post=4058"},{"taxonomy":"post_tag","embeddable":true,"href":"https:\/\/destinationindigenous.ca\/fr\/wp-json\/wp\/v2\/tags?post=4058"}],"curies":[{"name":"wp","href":"https:\/\/api.w.org\/{rel}","templated":true}]}}