{"id":4063,"date":"2018-04-26T00:00:00","date_gmt":"2018-04-26T07:00:00","guid":{"rendered":"https:\/\/destinationindigenous.ca\/escapade-culturelle-au-quebec\/"},"modified":"2020-12-10T15:25:29","modified_gmt":"2020-12-10T23:25:29","slug":"escapade-culturelle-au-quebec","status":"publish","type":"post","link":"https:\/\/destinationindigenous.ca\/fr\/blog\/escapade-culturelle-au-quebec\/","title":{"rendered":"ITIN\u00c9RAIRE : Escapade culturelle au Qu\u00e9bec"},"content":{"rendered":"<p>D\u00e9couvrez l\u2019hospitalit\u00e9 des Autochtones du Qu\u00e9bec lors de cette escapade culturelle. Profitez des diverses offres culturelles \u00e0 Montr\u00e9al avant de vous rendre \u00e0 la ville de Qu\u00e9bec, la seule ville fortifi\u00e9e en Am\u00e9rique du Nord. Juste \u00e0 quelques minutes de route, la nation huronne-wendat vous invite \u00e0 vivre plusieurs activit\u00e9s\u00a0: visites guid\u00e9es, contes, spectacles de danse, ateliers d\u2019artisanat et bien plus.<\/p>\n<blockquote><p><strong>Province :<\/strong> Qu\u00e9bec<\/p>\n<p><strong>Dur\u00e9e :<\/strong> 4 nuits \/ 5 jours<\/p>\n<p><strong>Dates :<\/strong> Toute l\u2019ann\u00e9e<\/p>\n<p><strong>Itin\u00e9raire :<\/strong> Montr\u00e9al \u2013 ville de Qu\u00e9bec \u2013 Wendake<\/p><\/blockquote>\n<p>&nbsp;<\/p>\n<h3><strong>Jour 1 : Arriv\u00e9e \u00e0 Montr\u00e9al<\/strong><\/h3>\n<hr \/>\n<p>Profitez du charme europ\u00e9en de Montr\u00e9al, ville cosmopolite offrant plusieurs attraits culturels allant d&rsquo;une vie nocturne opulente aux galeries d\u2019art fascinantes. Si vous visitez Montr\u00e9al en ao\u00fbt, participez au <a href=\"https:\/\/www.quebecoriginal.com\/fr-ca\/fiche\/evenements\/festivals-et-evenements\/festival-presence-autochtone-7034267\" target=\"_blank\" rel=\"noopener noreferrer\"><strong>Festival Pr\u00e9sence Autochtone<\/strong><\/a>, un \u00e9v\u00e9nement multidisciplinaire qui c\u00e9l\u00e8bre les cultures autochtones des trois Am\u00e9riques. Vous pouvez \u00e9galement visiter l\u2019<a href=\"http:\/\/productionsfeuxsacres.ca\/ouverture-du-centre-culturel-ashukan\/\" target=\"_blank\" rel=\"noopener noreferrer\"><strong>Espace culturel Ashukan<\/strong><\/a> qui pr\u00e9sente les arts et cultures autochtones du Qu\u00e9bec et du Canada.<\/p>\n<p>Nuit\u00e9e \u00e0 Montr\u00e9al<\/p>\n<div id=\"attachment_8283\" style=\"width: 941px\" class=\"wp-caption aligncenter\"><a href=\"https:\/\/www.instagram.com\/p\/BVnTzB0hE2v\/?taken-by=presenceautochtone\"><img loading=\"lazy\" decoding=\"async\" aria-describedby=\"caption-attachment-8283\" class=\"size-large wp-image-8442\" src=\"https:\/\/destinationindigenous.ca\/wp-content\/uploads\/2020\/01\/Montreal-First-Peoples-Festival-Instagram-931x1024.jpg\" alt=\"\" width=\"931\" height=\"1024\" srcset=\"https:\/\/destinationindigenous.ca\/wp-content\/uploads\/2020\/01\/Montreal-First-Peoples-Festival-Instagram-931x1024.jpg 931w, https:\/\/destinationindigenous.ca\/wp-content\/uploads\/2020\/01\/Montreal-First-Peoples-Festival-Instagram-273x300.jpg 273w, https:\/\/destinationindigenous.ca\/wp-content\/uploads\/2020\/01\/Montreal-First-Peoples-Festival-Instagram-768x845.jpg 768w, https:\/\/destinationindigenous.ca\/wp-content\/uploads\/2020\/01\/Montreal-First-Peoples-Festival-Instagram.jpg 1250w\" sizes=\"auto, (max-width: 931px) 100vw, 931px\" \/><\/a><p id=\"caption-attachment-8283\" class=\"wp-caption-text\">2017 Montreal First Peoples Festival<\/p><\/div>\n<p>&nbsp;<\/p>\n<h3><strong>Jour 2 : Montr\u00e9al \u2013 ville de Qu\u00e9bec <\/strong><\/h3>\n<hr \/>\n<p>En route vers la ville de Qu\u00e9bec, visitez le <a href=\"http:\/\/museedesabenakis.ca\/data\/?lang=fr\" target=\"_blank\" rel=\"noopener noreferrer\"><strong>Mus\u00e9e des Ab\u00e9nakis<\/strong><\/a> \u00e0 Odanak. Il s\u2019agit du premier mus\u00e9e autochtone au Qu\u00e9bec. Vous y apprendrez sur la culture et l\u2019histoire de la Premi\u00e8re Nation des Ab\u00e9nakis. De l\u00e0, voyagez le long du fleuve Saint-Laurent jusqu\u2019\u00e0 la ville de Qu\u00e9bec, l&rsquo;unique ville fortifi\u00e9e du continent. Passez le reste de la journ\u00e9e \u00e0 explorer cette ville charmante et historique \u00e0 votre rythme.<\/p>\n<p>Nuit\u00e9e dans la ville de Qu\u00e9bec.<\/p>\n<div id=\"attachment_8333\" style=\"width: 941px\" class=\"wp-caption aligncenter\"><a href=\"https:\/\/www.instagram.com\/p\/BbSSoBPANfW\/?taken-by=ashukanmtl\" target=\"_blank\" rel=\"noopener noreferrer\"><img loading=\"lazy\" decoding=\"async\" aria-describedby=\"caption-attachment-8333\" class=\"wp-image-8443 size-large portrait\" src=\"https:\/\/destinationindigenous.ca\/wp-content\/uploads\/2020\/01\/ashukanmtl-Instagram-931x1024.jpg\" alt=\"\" width=\"931\" height=\"1024\" srcset=\"https:\/\/destinationindigenous.ca\/wp-content\/uploads\/2020\/01\/ashukanmtl-Instagram-931x1024.jpg 931w, https:\/\/destinationindigenous.ca\/wp-content\/uploads\/2020\/01\/ashukanmtl-Instagram-273x300.jpg 273w, https:\/\/destinationindigenous.ca\/wp-content\/uploads\/2020\/01\/ashukanmtl-Instagram-768x845.jpg 768w, https:\/\/destinationindigenous.ca\/wp-content\/uploads\/2020\/01\/ashukanmtl-Instagram.jpg 1250w\" sizes=\"auto, (max-width: 931px) 100vw, 931px\" \/><\/a><p id=\"caption-attachment-8333\" class=\"wp-caption-text\">Hanging Innu artist Anatole St-Onge&rsquo;s work at Espace Culturel Ashukan<\/p><\/div>\n<p>&nbsp;<\/p>\n<h3>Jour 3 \u2013 4 : Ville de Qu\u00e9bec \u2013 Wendake<\/h3>\n<hr \/>\n<p>D\u00e9couvrez <a href=\"http:\/\/tourismewendake.ca\/fr\/accueil\/\" target=\"_blank\" rel=\"noopener noreferrer\"><strong>Wendake<\/strong><\/a> \u00e0 juste 14 minutes de route du centre-ville de Qu\u00e9bec. Plongez dans la culture huronne-wendat gr\u00e2ce \u00e0 des visites guid\u00e9es, des contes, des spectacles de danse, des ateliers d\u2019artisanat et bien plus. Vous s\u00e9journerez \u00e0 l\u2019<strong><a href=\"http:\/\/tourismewendake.ca\/fr\/hebergement\/hotel-musee-premieres-nations\/\" target=\"_blank\" rel=\"noopener noreferrer\">H\u00f4tel-Mus\u00e9e<\/a><\/strong> pendant les deux prochaines nuits. Il s\u2019agit d\u2019un attrait quatre \u00e9toiles de Wendake o\u00f9 l\u2019histoire et les traditions autochtones se m\u00ealent au luxe et au confort des grands h\u00f4tels contemporains.<\/p>\n<div id=\"attachment_8440\" style=\"width: 941px\" class=\"wp-caption aligncenter\"><a href=\"https:\/\/www.instagram.com\/p\/BJISo-nBZ6a\/?taken-by=hotel_musee_premieres_nations\" target=\"_blank\" rel=\"noopener noreferrer\"><img loading=\"lazy\" decoding=\"async\" aria-describedby=\"caption-attachment-8440\" class=\"wp-image-8444 size-full\" src=\"https:\/\/destinationindigenous.ca\/wp-content\/uploads\/2020\/03\/hotel_musee_premieres_nations-Instagram-931x1024.jpg\" alt=\"\" width=\"931\" height=\"1024\" srcset=\"https:\/\/destinationindigenous.ca\/wp-content\/uploads\/2020\/03\/hotel_musee_premieres_nations-Instagram-931x1024.jpg 931w, https:\/\/destinationindigenous.ca\/wp-content\/uploads\/2020\/03\/hotel_musee_premieres_nations-Instagram-273x300.jpg 273w, https:\/\/destinationindigenous.ca\/wp-content\/uploads\/2020\/03\/hotel_musee_premieres_nations-Instagram-768x845.jpg 768w, https:\/\/destinationindigenous.ca\/wp-content\/uploads\/2020\/03\/hotel_musee_premieres_nations-Instagram.jpg 1250w\" sizes=\"auto, (max-width: 931px) 100vw, 931px\" \/><\/a><p id=\"caption-attachment-8440\" class=\"wp-caption-text\">Drumming on the terrace of La Traite Restaurant at H\u00f4tel-Mus\u00e9e Premi\u00e8res Nations<\/p><\/div>\n<p>&nbsp;<\/p>\n<h3>Jour 5 : Wendake \u2013 ville de Qu\u00e9bec<\/h3>\n<hr \/>\n<p>Votre escapade culturelle prend fin dans la ville de Qu\u00e9bec. Vous pouvez continuer vos aventures dans le nord pour explorer davantage le Qu\u00e9bec ou dans le sud afin de d\u00e9couvrir la culture autochtone de l&rsquo;Ontario.<\/p>\n<p>&nbsp;<\/p>\n","protected":false},"excerpt":{"rendered":"<p>D\u00e9couvrez l\u2019hospitalit\u00e9 des Autochtones du Qu\u00e9bec lors de cette escapade culturelle. Profitez des diverses offres culturelles \u00e0 Montr\u00e9al avant de vous rendre \u00e0 la ville de Qu\u00e9bec, la seule ville fortifi\u00e9e en Am\u00e9rique du Nord.<\/p>\n","protected":false},"author":7,"featured_media":8431,"comment_status":"closed","ping_status":"closed","sticky":false,"template":"","format":"standard","meta":[],"categories":[4],"tags":[],"class_list":["post-4063","post","type-post","status-publish","format-standard","has-post-thumbnail","hentry","category-non-classifiee","region-quebec-fr","the_post_type-blog-post","listing_sub_type-ateliers","listing_sub_type-centres-culturels","listing_sub_type-contes","listing_sub_type-culture-heritage-fr","listing_sub_type-musees","listing_sub_type-performances-culturelles"],"yoast_head":"<!-- This site is optimized with the Yoast SEO Premium plugin v24.2 (Yoast SEO v24.2) - https:\/\/yoast.com\/wordpress\/plugins\/seo\/ -->\n<title>ITIN\u00c9RAIRE : Escapade culturelle au Qu\u00e9bec - Destination Autochtones<\/title>\n<meta name=\"description\" content=\"D\u00e9couvrez l\u2019hospitalit\u00e9 des Autochtones du Qu\u00e9bec lors de cette escapade culturelle.\" \/>\n<meta name=\"robots\" content=\"index, follow, max-snippet:-1, max-image-preview:large, max-video-preview:-1\" \/>\n<link rel=\"canonical\" href=\"https:\/\/destinationindigenous.ca\/fr\/blog\/escapade-culturelle-au-quebec\/\" \/>\n<meta property=\"og:locale\" content=\"fr_FR\" \/>\n<meta property=\"og:type\" content=\"article\" \/>\n<meta property=\"og:title\" content=\"ITIN\u00c9RAIRE : Escapade culturelle au Qu\u00e9bec\" \/>\n<meta property=\"og:description\" content=\"D\u00e9couvrez l\u2019hospitalit\u00e9 des Autochtones du Qu\u00e9bec lors de cette escapade culturelle.\" \/>\n<meta property=\"og:url\" content=\"https:\/\/destinationindigenous.ca\/fr\/blog\/escapade-culturelle-au-quebec\/\" \/>\n<meta property=\"og:site_name\" content=\"DI - Planificateur de s\u00e9jour\" \/>\n<meta property=\"article:published_time\" content=\"2018-04-26T07:00:00+00:00\" \/>\n<meta property=\"article:modified_time\" content=\"2020-12-10T23:25:29+00:00\" \/>\n<meta property=\"og:image\" content=\"https:\/\/destinationindigenous.ca\/wp-content\/uploads\/2020\/01\/tourisme-autochtone-quebec-tipi-splash-wide.jpg\" \/>\n\t<meta property=\"og:image:width\" content=\"1920\" \/>\n\t<meta property=\"og:image:height\" content=\"1080\" \/>\n\t<meta property=\"og:image:type\" content=\"image\/jpeg\" \/>\n<meta name=\"author\" content=\"Den\u00e9 Sinclair\" \/>\n<meta name=\"twitter:card\" content=\"summary_large_image\" \/>\n<meta name=\"twitter:label1\" content=\"\u00c9crit par\" \/>\n\t<meta name=\"twitter:data1\" content=\"Mme Den\u00e9 Sinclair\" \/>\n\t<meta name=\"twitter:label2\" content=\"Dur\u00e9e de lecture estim\u00e9e\" \/>\n\t<meta name=\"twitter:data2\" content=\"2 minutes\" \/>\n<script type=\"application\/ld+json\" class=\"yoast-schema-graph\">{\"@context\":\"https:\/\/schema.org\",\"@graph\":[{\"@type\":\"Article\",\"@id\":\"https:\/\/destinationindigenous.ca\/fr\/blog\/escapade-culturelle-au-quebec\/#article\",\"isPartOf\":{\"@id\":\"https:\/\/destinationindigenous.ca\/fr\/blog\/escapade-culturelle-au-quebec\/\"},\"author\":{\"name\":\"Den\u00e9 Sinclair\",\"@id\":\"https:\/\/destinationindigenous.ca\/fr\/#\/schema\/person\/3645456eaabef9403a97620cb157ced3\"},\"headline\":\"ITIN\u00c9RAIRE : Escapade culturelle au Qu\u00e9bec\",\"datePublished\":\"2018-04-26T07:00:00+00:00\",\"dateModified\":\"2020-12-10T23:25:29+00:00\",\"mainEntityOfPage\":{\"@id\":\"https:\/\/destinationindigenous.ca\/fr\/blog\/escapade-culturelle-au-quebec\/\"},\"wordCount\":456,\"publisher\":{\"@id\":\"https:\/\/destinationindigenous.ca\/fr\/#organization\"},\"image\":{\"@id\":\"https:\/\/destinationindigenous.ca\/fr\/blog\/escapade-culturelle-au-quebec\/#primaryimage\"},\"thumbnailUrl\":\"https:\/\/destinationindigenous.ca\/wp-content\/uploads\/2020\/01\/tourisme-autochtone-quebec-tipi-splash-wide.jpg\",\"articleSection\":[\"Non classifi\u00e9(e)\"],\"inLanguage\":\"fr-FR\"},{\"@type\":\"WebPage\",\"@id\":\"https:\/\/destinationindigenous.ca\/fr\/blog\/escapade-culturelle-au-quebec\/\",\"url\":\"https:\/\/destinationindigenous.ca\/fr\/blog\/escapade-culturelle-au-quebec\/\",\"name\":\"ITIN\u00c9RAIRE : Escapade culturelle au Qu\u00e9bec - Destination Autochtones\",\"isPartOf\":{\"@id\":\"https:\/\/destinationindigenous.ca\/fr\/#website\"},\"primaryImageOfPage\":{\"@id\":\"https:\/\/destinationindigenous.ca\/fr\/blog\/escapade-culturelle-au-quebec\/#primaryimage\"},\"image\":{\"@id\":\"https:\/\/destinationindigenous.ca\/fr\/blog\/escapade-culturelle-au-quebec\/#primaryimage\"},\"thumbnailUrl\":\"https:\/\/destinationindigenous.ca\/wp-content\/uploads\/2020\/01\/tourisme-autochtone-quebec-tipi-splash-wide.jpg\",\"datePublished\":\"2018-04-26T07:00:00+00:00\",\"dateModified\":\"2020-12-10T23:25:29+00:00\",\"description\":\"D\u00e9couvrez l\u2019hospitalit\u00e9 des Autochtones du Qu\u00e9bec lors de cette escapade culturelle.\",\"breadcrumb\":{\"@id\":\"https:\/\/destinationindigenous.ca\/fr\/blog\/escapade-culturelle-au-quebec\/#breadcrumb\"},\"inLanguage\":\"fr-FR\",\"potentialAction\":[{\"@type\":\"ReadAction\",\"target\":[\"https:\/\/destinationindigenous.ca\/fr\/blog\/escapade-culturelle-au-quebec\/\"]}]},{\"@type\":\"ImageObject\",\"inLanguage\":\"fr-FR\",\"@id\":\"https:\/\/destinationindigenous.ca\/fr\/blog\/escapade-culturelle-au-quebec\/#primaryimage\",\"url\":\"https:\/\/destinationindigenous.ca\/wp-content\/uploads\/2020\/01\/tourisme-autochtone-quebec-tipi-splash-wide.jpg\",\"contentUrl\":\"https:\/\/destinationindigenous.ca\/wp-content\/uploads\/2020\/01\/tourisme-autochtone-quebec-tipi-splash-wide.jpg\",\"width\":1920,\"height\":1080},{\"@type\":\"BreadcrumbList\",\"@id\":\"https:\/\/destinationindigenous.ca\/fr\/blog\/escapade-culturelle-au-quebec\/#breadcrumb\",\"itemListElement\":[{\"@type\":\"ListItem\",\"position\":1,\"name\":\"Home\",\"item\":\"https:\/\/destinationindigenous.ca\/fr\/\"},{\"@type\":\"ListItem\",\"position\":2,\"name\":\"ITIN\u00c9RAIRE : Escapade culturelle au Qu\u00e9bec\"}]},{\"@type\":\"WebSite\",\"@id\":\"https:\/\/destinationindigenous.ca\/fr\/#website\",\"url\":\"https:\/\/destinationindigenous.ca\/fr\/\",\"name\":\"DI - Planificateur de s\u00e9jour\",\"description\":\"Indigenous travel experiences from across Canada\",\"publisher\":{\"@id\":\"https:\/\/destinationindigenous.ca\/fr\/#organization\"},\"potentialAction\":[{\"@type\":\"SearchAction\",\"target\":{\"@type\":\"EntryPoint\",\"urlTemplate\":\"https:\/\/destinationindigenous.ca\/fr\/?s={search_term_string}\"},\"query-input\":{\"@type\":\"PropertyValueSpecification\",\"valueRequired\":true,\"valueName\":\"search_term_string\"}}],\"inLanguage\":\"fr-FR\"},{\"@type\":\"Organization\",\"@id\":\"https:\/\/destinationindigenous.ca\/fr\/#organization\",\"name\":\"Destination Indigenous\",\"url\":\"https:\/\/destinationindigenous.ca\/fr\/\",\"logo\":{\"@type\":\"ImageObject\",\"inLanguage\":\"fr-FR\",\"@id\":\"https:\/\/destinationindigenous.ca\/fr\/#\/schema\/logo\/image\/\",\"url\":\"https:\/\/destinationindigenous.ca\/wp-content\/uploads\/2022\/08\/di-logo-navbar@2x.png\",\"contentUrl\":\"https:\/\/destinationindigenous.ca\/wp-content\/uploads\/2022\/08\/di-logo-navbar@2x.png\",\"width\":960,\"height\":61,\"caption\":\"Destination Indigenous\"},\"image\":{\"@id\":\"https:\/\/destinationindigenous.ca\/fr\/#\/schema\/logo\/image\/\"}},{\"@type\":\"Person\",\"@id\":\"https:\/\/destinationindigenous.ca\/fr\/#\/schema\/person\/3645456eaabef9403a97620cb157ced3\",\"name\":\"Den\u00e9 Sinclair\",\"description\":\"Den\u00e9 Sinclair was ITAC's Director of Marketing. She lives and works in Winnipeg on Treaty 1 Territory and the Homeland of the M\u00e9tis Nation. She acknowledges her traditional homeland around Selkirk, Manitoba (St. Peter\u2019s Band) as a member of Peguis First Nation and a proud Anishinaabekwe.\",\"url\":\"https:\/\/destinationindigenous.ca\/fr\/blog\/author\/itac-dene\/\"}]}<\/script>\n<!-- \/ Yoast SEO Premium plugin. -->","yoast_head_json":{"title":"ITIN\u00c9RAIRE : Escapade culturelle au Qu\u00e9bec - Destination Autochtones","description":"D\u00e9couvrez l\u2019hospitalit\u00e9 des Autochtones du Qu\u00e9bec lors de cette escapade culturelle.","robots":{"index":"index","follow":"follow","max-snippet":"max-snippet:-1","max-image-preview":"max-image-preview:large","max-video-preview":"max-video-preview:-1"},"canonical":"https:\/\/destinationindigenous.ca\/fr\/blog\/escapade-culturelle-au-quebec\/","og_locale":"fr_FR","og_type":"article","og_title":"ITIN\u00c9RAIRE : Escapade culturelle au Qu\u00e9bec","og_description":"D\u00e9couvrez l\u2019hospitalit\u00e9 des Autochtones du Qu\u00e9bec lors de cette escapade culturelle.","og_url":"https:\/\/destinationindigenous.ca\/fr\/blog\/escapade-culturelle-au-quebec\/","og_site_name":"DI - Planificateur de s\u00e9jour","article_published_time":"2018-04-26T07:00:00+00:00","article_modified_time":"2020-12-10T23:25:29+00:00","og_image":[{"width":1920,"height":1080,"url":"https:\/\/destinationindigenous.ca\/wp-content\/uploads\/2020\/01\/tourisme-autochtone-quebec-tipi-splash-wide.jpg","type":"image\/jpeg"}],"author":"Den\u00e9 Sinclair","twitter_card":"summary_large_image","twitter_misc":{"\u00c9crit par":"Mme Den\u00e9 Sinclair","Dur\u00e9e de lecture estim\u00e9e":"2 minutes"},"schema":{"@context":"https:\/\/schema.org","@graph":[{"@type":"Article","@id":"https:\/\/destinationindigenous.ca\/fr\/blog\/escapade-culturelle-au-quebec\/#article","isPartOf":{"@id":"https:\/\/destinationindigenous.ca\/fr\/blog\/escapade-culturelle-au-quebec\/"},"author":{"name":"Den\u00e9 Sinclair","@id":"https:\/\/destinationindigenous.ca\/fr\/#\/schema\/person\/3645456eaabef9403a97620cb157ced3"},"headline":"ITIN\u00c9RAIRE : Escapade culturelle au Qu\u00e9bec","datePublished":"2018-04-26T07:00:00+00:00","dateModified":"2020-12-10T23:25:29+00:00","mainEntityOfPage":{"@id":"https:\/\/destinationindigenous.ca\/fr\/blog\/escapade-culturelle-au-quebec\/"},"wordCount":456,"publisher":{"@id":"https:\/\/destinationindigenous.ca\/fr\/#organization"},"image":{"@id":"https:\/\/destinationindigenous.ca\/fr\/blog\/escapade-culturelle-au-quebec\/#primaryimage"},"thumbnailUrl":"https:\/\/destinationindigenous.ca\/wp-content\/uploads\/2020\/01\/tourisme-autochtone-quebec-tipi-splash-wide.jpg","articleSection":["Non classifi\u00e9(e)"],"inLanguage":"fr-FR"},{"@type":"WebPage","@id":"https:\/\/destinationindigenous.ca\/fr\/blog\/escapade-culturelle-au-quebec\/","url":"https:\/\/destinationindigenous.ca\/fr\/blog\/escapade-culturelle-au-quebec\/","name":"ITIN\u00c9RAIRE : Escapade culturelle au Qu\u00e9bec - Destination Autochtones","isPartOf":{"@id":"https:\/\/destinationindigenous.ca\/fr\/#website"},"primaryImageOfPage":{"@id":"https:\/\/destinationindigenous.ca\/fr\/blog\/escapade-culturelle-au-quebec\/#primaryimage"},"image":{"@id":"https:\/\/destinationindigenous.ca\/fr\/blog\/escapade-culturelle-au-quebec\/#primaryimage"},"thumbnailUrl":"https:\/\/destinationindigenous.ca\/wp-content\/uploads\/2020\/01\/tourisme-autochtone-quebec-tipi-splash-wide.jpg","datePublished":"2018-04-26T07:00:00+00:00","dateModified":"2020-12-10T23:25:29+00:00","description":"D\u00e9couvrez l\u2019hospitalit\u00e9 des Autochtones du Qu\u00e9bec lors de cette escapade culturelle.","breadcrumb":{"@id":"https:\/\/destinationindigenous.ca\/fr\/blog\/escapade-culturelle-au-quebec\/#breadcrumb"},"inLanguage":"fr-FR","potentialAction":[{"@type":"ReadAction","target":["https:\/\/destinationindigenous.ca\/fr\/blog\/escapade-culturelle-au-quebec\/"]}]},{"@type":"ImageObject","inLanguage":"fr-FR","@id":"https:\/\/destinationindigenous.ca\/fr\/blog\/escapade-culturelle-au-quebec\/#primaryimage","url":"https:\/\/destinationindigenous.ca\/wp-content\/uploads\/2020\/01\/tourisme-autochtone-quebec-tipi-splash-wide.jpg","contentUrl":"https:\/\/destinationindigenous.ca\/wp-content\/uploads\/2020\/01\/tourisme-autochtone-quebec-tipi-splash-wide.jpg","width":1920,"height":1080},{"@type":"BreadcrumbList","@id":"https:\/\/destinationindigenous.ca\/fr\/blog\/escapade-culturelle-au-quebec\/#breadcrumb","itemListElement":[{"@type":"ListItem","position":1,"name":"Home","item":"https:\/\/destinationindigenous.ca\/fr\/"},{"@type":"ListItem","position":2,"name":"ITIN\u00c9RAIRE : Escapade culturelle au Qu\u00e9bec"}]},{"@type":"WebSite","@id":"https:\/\/destinationindigenous.ca\/fr\/#website","url":"https:\/\/destinationindigenous.ca\/fr\/","name":"DI - Planificateur de s\u00e9jour","description":"Indigenous travel experiences from across Canada","publisher":{"@id":"https:\/\/destinationindigenous.ca\/fr\/#organization"},"potentialAction":[{"@type":"SearchAction","target":{"@type":"EntryPoint","urlTemplate":"https:\/\/destinationindigenous.ca\/fr\/?s={search_term_string}"},"query-input":{"@type":"PropertyValueSpecification","valueRequired":true,"valueName":"search_term_string"}}],"inLanguage":"fr-FR"},{"@type":"Organization","@id":"https:\/\/destinationindigenous.ca\/fr\/#organization","name":"Destination Indigenous","url":"https:\/\/destinationindigenous.ca\/fr\/","logo":{"@type":"ImageObject","inLanguage":"fr-FR","@id":"https:\/\/destinationindigenous.ca\/fr\/#\/schema\/logo\/image\/","url":"https:\/\/destinationindigenous.ca\/wp-content\/uploads\/2022\/08\/di-logo-navbar@2x.png","contentUrl":"https:\/\/destinationindigenous.ca\/wp-content\/uploads\/2022\/08\/di-logo-navbar@2x.png","width":960,"height":61,"caption":"Destination Indigenous"},"image":{"@id":"https:\/\/destinationindigenous.ca\/fr\/#\/schema\/logo\/image\/"}},{"@type":"Person","@id":"https:\/\/destinationindigenous.ca\/fr\/#\/schema\/person\/3645456eaabef9403a97620cb157ced3","name":"Den\u00e9 Sinclair","description":"Den\u00e9 Sinclair was ITAC's Director of Marketing. She lives and works in Winnipeg on Treaty 1 Territory and the Homeland of the M\u00e9tis Nation. She acknowledges her traditional homeland around Selkirk, Manitoba (St. Peter\u2019s Band) as a member of Peguis First Nation and a proud Anishinaabekwe.","url":"https:\/\/destinationindigenous.ca\/fr\/blog\/author\/itac-dene\/"}]}},"_links":{"self":[{"href":"https:\/\/destinationindigenous.ca\/fr\/wp-json\/wp\/v2\/posts\/4063","targetHints":{"allow":["GET"]}}],"collection":[{"href":"https:\/\/destinationindigenous.ca\/fr\/wp-json\/wp\/v2\/posts"}],"about":[{"href":"https:\/\/destinationindigenous.ca\/fr\/wp-json\/wp\/v2\/types\/post"}],"author":[{"embeddable":true,"href":"https:\/\/destinationindigenous.ca\/fr\/wp-json\/wp\/v2\/users\/7"}],"replies":[{"embeddable":true,"href":"https:\/\/destinationindigenous.ca\/fr\/wp-json\/wp\/v2\/comments?post=4063"}],"version-history":[{"count":0,"href":"https:\/\/destinationindigenous.ca\/fr\/wp-json\/wp\/v2\/posts\/4063\/revisions"}],"wp:featuredmedia":[{"embeddable":true,"href":"https:\/\/destinationindigenous.ca\/fr\/wp-json\/wp\/v2\/media\/8431"}],"wp:attachment":[{"href":"https:\/\/destinationindigenous.ca\/fr\/wp-json\/wp\/v2\/media?parent=4063"}],"wp:term":[{"taxonomy":"category","embeddable":true,"href":"https:\/\/destinationindigenous.ca\/fr\/wp-json\/wp\/v2\/categories?post=4063"},{"taxonomy":"post_tag","embeddable":true,"href":"https:\/\/destinationindigenous.ca\/fr\/wp-json\/wp\/v2\/tags?post=4063"}],"curies":[{"name":"wp","href":"https:\/\/api.w.org\/{rel}","templated":true}]}}