{"id":4068,"date":"2018-06-20T00:00:00","date_gmt":"2018-06-20T07:00:00","guid":{"rendered":"https:\/\/destinationindigenous.ca\/celebrez-la-journee-nationale-des-peuples-autochtones\/"},"modified":"2022-10-24T13:10:37","modified_gmt":"2022-10-24T20:10:37","slug":"celebrez-la-journee-nationale-des-peuples-autochtones","status":"publish","type":"post","link":"https:\/\/destinationindigenous.ca\/fr\/blog\/celebrez-la-journee-nationale-des-peuples-autochtones\/","title":{"rendered":"C\u00e9l\u00e9brez la Journ\u00e9e nationale des peuples autochtones!"},"content":{"rendered":"<p>Le 21 juin, c\u2019est le solstice d\u2019\u00e9t\u00e9, le jour le plus long de l\u2019ann\u00e9e et une occasion traditionnelle o\u00f9 les peuples autochtones se rassemblent pour c\u00e9l\u00e9brer leur patrimoine et culture. C\u2019est aussi <a href=\"http:\/\/www.aadnc-aandc.gc.ca\/fra\/1100100013322\/1100100013323?utm_source=RTP+Canada+All+Constituents&amp;utm_campaign=ae5c483632-EMAIL_CAMPAIGN_2018_06_13_03_00&amp;utm_medium=email&amp;utm_term=0_364d01ecbb-ae5c483632-270532061\" target=\"_blank\" rel=\"noopener noreferrer\">la Journ\u00e9e nationale des peuples autochtones au Canada<\/a>; une journ\u00e9e sp\u00e9ciale pour rendre hommage aux diverses cultures et au patrimoine unique des Premi\u00e8res Nations, M\u00e9tis et Inuit. Les nations autochtones de l\u2019ensemble du Canada c\u00e9l\u00e9breront en grand et vous \u00eates invit\u00e9 \u00e0 vous joindre \u00e0 nous!<\/p>\n<p>Vous ne pouvez pas assister \u00e0 un \u00e9v\u00e9nement? Joignez-nous en ligne pour #CanadaChat que nous animerons en anglais et en fran\u00e7ais sur <a href=\"https:\/\/twitter.com\/CAN_Indigenous\" target=\"_blank\" rel=\"noopener noreferrer\">Twitter<\/a> avec <a href=\"https:\/\/www.destinationcanada.com\/fr\/news\/participez-notre-seance-mensuelle-canadachat\" target=\"_blank\" rel=\"noopener noreferrer\">Destination Canada<\/a> et ses partenaires. Nous parlerons des exp\u00e9riences touristiques autochtones int\u00e9ressantes au Canada et r\u00e9pondrons \u00e0 vos questions. Pour nous trouver\u00a0: <a href=\"https:\/\/twitter.com\/ExploreCanada\" target=\"_blank\" rel=\"noopener noreferrer\">@ExplorezSansFin<\/a> et <a href=\"https:\/\/twitter.com\/ExploreCanada\" target=\"_blank\" rel=\"noopener noreferrer\">@ExploreCanada<\/a>. On a h\u00e2te de c\u00e9l\u00e9brer avec vous!<\/p>\n<p>Vous \u00eates occup\u00e9 le 21? L\u2019APTN est l\u00e0 pour vous! Le samedi 23 juin, l\u2019APTN tiendra la <a href=\"http:\/\/indigenousdaylive.ca\/fr\/\" target=\"_blank\" rel=\"noopener noreferrer\">Journ\u00e9e des Autochtones en direct<\/a> dans trois villes :\u00a0Winnipeg, Toronto et Ottawa! Tous les Canadiens sont invit\u00e9s \u00e0 se joindre \u00e0 nous pour participer gratuitement aux c\u00e9l\u00e9brations et aux activit\u00e9s, et pour assister au concert en direct dans les villes h\u00f4tes, par l\u2019entremise de notre \u00e9mission de cinq heures diffus\u00e9e \u00e0 la t\u00e9l\u00e9vision, \u00e0 la radio et en ligne.<\/p>\n<p>&nbsp;<\/p>\n<h2>Colombie-Britannique<\/h2>\n<hr \/>\n<p>Pow-wow, festival ou \u00e9v\u00e9nement culturel communautaire \u2013 il existe de nombreuses fa\u00e7ons de c\u00e9l\u00e9brer la Journ\u00e9e nationale des peuples autochtones en Colombie-Britannique. <a href=\"https:\/\/www.indigenousbc.com\/blog\/celebrate-national-indigenous-peoples-day-on-june-21\/\" target=\"_blank\" rel=\"noopener noreferrer\">Consultez la liste compl\u00e8te ici<\/a>. Si vous aimez la musique \u00e9lectro, vous pouvez danser aux sons du \u00ab\u00a0parrain du Pow-Wow Step\u00a0\u00bb, DJ Shrun, membre des Six Nations de la rivi\u00e8re Grand, aux c\u00e9l\u00e9brations organis\u00e9es par la Bande indienne de Little\u00a0Shuswap Lake au <a href=\"https:\/\/www.indigenousbc.com\/drive\/uploads\/2018\/05\/Indigenous_Peoples_Day_Poster.jpg\" target=\"_blank\" rel=\"noopener noreferrer\" data-rel=\"lightbox-image-0\" data-rl_title=\"\" data-rl_caption=\"\" title=\"\">Quaaout Lodge<\/a>. En plus des activit\u00e9s culturelles et des ateliers, il y aura \u00e9galement des spectacles pr\u00e9sent\u00e9s par les <em>Secwepemc Youth Drummers<\/em>, la \u00ab\u00a0reine du looping\u00a0\u00bb Mihirangi \u2013 une artiste maori d\u2019Auckland \u2013 et le tout se terminera en beaut\u00e9 avec des feux d\u2019artifice!<\/p>\n<p><a href=\"https:\/\/destinationindigenous.ca\/wp-content\/uploads\/2020\/03\/Indigenous_Peoples_Day_Poster-Quaaout.jpg\" data-rel=\"lightbox-image-1\" data-rl_title=\"Indigenous_Peoples_Day_Poster-Quaaout\" data-rl_caption=\"\" title=\"Indigenous_Peoples_Day_Poster-Quaaout\"><img loading=\"lazy\" decoding=\"async\" class=\"aligncenter size-full wp-image-8180\" src=\"https:\/\/destinationindigenous.ca\/wp-content\/uploads\/2020\/03\/Indigenous_Peoples_Day_Poster-Quaaout.jpg\" alt=\"\" width=\"900\" height=\"506\" srcset=\"https:\/\/destinationindigenous.ca\/wp-content\/uploads\/2020\/03\/Indigenous_Peoples_Day_Poster-Quaaout.jpg 900w, https:\/\/destinationindigenous.ca\/wp-content\/uploads\/2020\/03\/Indigenous_Peoples_Day_Poster-Quaaout-300x169.jpg 300w, https:\/\/destinationindigenous.ca\/wp-content\/uploads\/2020\/03\/Indigenous_Peoples_Day_Poster-Quaaout-768x432.jpg 768w\" sizes=\"auto, (max-width: 900px) 100vw, 900px\" \/><\/a><\/p>\n<p>&nbsp;<\/p>\n<h2>Alberta<\/h2>\n<hr \/>\n<p>Tout un bouquet d\u2019\u00e9v\u00e9nements int\u00e9ressants pour c\u00e9l\u00e9brer la Journ\u00e9e nationale des peuples autochtones vous attend en Alberta! Cliquez ici pour voir la liste compl\u00e8te. Laissez-vous inspirer par les cultures autochtones modernes \u00e0 <a href=\"https:\/\/www.todocanada.ca\/city\/calgary\/event\/national-indigenous-peoples-day\/\" target=\"_blank\" rel=\"noopener noreferrer\">Arts Commons \u00e0 Calgary<\/a> o\u00f9 se tiendra un mini pow-wow pour tous les \u00e2ges. Cet \u00e9v\u00e9nement gratuit sera organis\u00e9 en partenariat avec <em>Sled Island<\/em>, IRIM (<em>Indigenous Resilience in Music<\/em>) et <em>Drum Beat<\/em>. Au menu\u00a0: spectacle de tambours traditionnels, de chant et de danse. Faites de nouveaux amis \u00e0 la s\u00e9ance d\u2019accueil. Participez \u00e0 un atelier et \u00e0 une mini-performance avec les duos hip-hop <em>Snotty Nose Rez Kids<\/em> et <em>Mob Bounce<\/em>. Assistez \u00e0 une pr\u00e9sentation d\u2019une s\u00e9lection de films par imagineNATIVE \u2013 le plus grand diffuseur de contenu cin\u00e9matographique autochtone du monde entier.<\/p>\n<p>&nbsp;<\/p>\n<h2>Les Prairies<\/h2>\n<hr \/>\n<p>Restez \u00e0 l\u2019aff\u00fbt des c\u00e9l\u00e9brations des M\u00e9tis et des Premi\u00e8res Nations dans les Prairies! <a href=\"https:\/\/fr.travelmanitoba.com\/evenements\/\" target=\"_blank\" rel=\"noopener noreferrer\">Trouvez un \u00e9v\u00e9nement au Manitoba ici<\/a> \u2013 n\u2019oubliez pas que <a href=\"http:\/\/indigenousdaylive.ca\/fr\/winnipeg\/horaire\/\" target=\"_blank\" rel=\"noopener noreferrer\">l\u2019APTN sera en direct toute la journ\u00e9e de Winnipeg<\/a>. \u00c0 Regina, un \u00e9v\u00e9nement gratuit aura lieu toute la journ\u00e9e au <a href=\"https:\/\/www.facebook.com\/events\/2097553333594837\/\" target=\"_blank\" rel=\"noopener noreferrer\"><em>City Square Plaza<\/em><\/a>. Des danseurs de pow-wow, des artistes de cr\u00e9ation parl\u00e9e et de hip-hop et des conteurs seront au rendez-vous. La journ\u00e9e commencera par une c\u00e9r\u00e9monie traditionnelle du calumet. Des tipis seront ensuite dress\u00e9s et du pain bannique ainsi que du th\u00e9 seront servis. Un \u00e9ventail de produits artisanaux cr\u00e9\u00e9s par les artisans autochtones locaux sera en vente. Tapez des mains au rythme des danseurs de gigue et des violoneux m\u00e9tis. Terminez la journ\u00e9e avec une danse ronde \u2013 une danse inclusive qui traverse toutes les cultures.<\/p>\n<div id=\"attachment_8171\" style=\"width: 910px\" class=\"wp-caption aligncenter\"><a href=\"https:\/\/destinationindigenous.ca\/wp-content\/uploads\/2020\/03\/Aboriginal-Day-Live.jpg\" data-rel=\"lightbox-image-2\" data-rl_title=\"Aboriginal-Day-Live\" data-rl_caption=\"\" title=\"Aboriginal-Day-Live\"><img loading=\"lazy\" decoding=\"async\" aria-describedby=\"caption-attachment-8171\" class=\"size-full wp-image-8178\" src=\"https:\/\/destinationindigenous.ca\/wp-content\/uploads\/2020\/03\/Aboriginal-Day-Live.jpg\" alt=\"\" width=\"900\" height=\"506\" srcset=\"https:\/\/destinationindigenous.ca\/wp-content\/uploads\/2020\/03\/Aboriginal-Day-Live.jpg 900w, https:\/\/destinationindigenous.ca\/wp-content\/uploads\/2020\/03\/Aboriginal-Day-Live-300x169.jpg 300w, https:\/\/destinationindigenous.ca\/wp-content\/uploads\/2020\/03\/Aboriginal-Day-Live-768x432.jpg 768w\" sizes=\"auto, (max-width: 900px) 100vw, 900px\" \/><\/a><p id=\"caption-attachment-8171\" class=\"wp-caption-text\">Journ\u00e9e Nationale des Autochtones, \u00e9v\u00e8nement pass\u00e9. Photo courtoisie de APTN.<\/p><\/div>\n<p>&nbsp;<\/p>\n<h2>Ontario<\/h2>\n<hr \/>\n<p>Il y aura, bien s\u00fbr, des d\u00e9fil\u00e9s, des festivals et des pow-wows \u00e0 <a href=\"https:\/\/www.ontariotravel.net\/en\/search\/results?query=indigenous+peoples+day\" target=\"_blank\" rel=\"noopener noreferrer\">Ottawa et \u00e0 Toronto<\/a> mais si vous voulez c\u00e9l\u00e9brer la Journ\u00e9e nationale des peuples autochtones dans la nature, <a href=\"https:\/\/www.facebook.com\/events\/434883773601178\/\" target=\"_blank\" rel=\"noopener noreferrer\">le parc Anicinabe \u00e0 Kenora<\/a> est l\u2019endroit \u00e0 visiter. Le Centre d\u2019amiti\u00e9 Ne-Chee organise un \u00e9v\u00e9nement formidable avec de la musique en direct. <em>The Jerry Cans<\/em> \u2013 nomin\u00e9 aux Prix Juno \u2013 et l\u2019animateur pour enfants d\u2019origine m\u00e9tisse TiBert le Voyageur seront de la partie. Venez t\u00f4t pour savourer un bon d\u00e9jeuner gratuit aux cr\u00eapes; assistez aux d\u00e9monstrations culturelles qui comm\u00e9morent le pass\u00e9; apprenez-en davantage sur les relations entre les peuples autochtones et non-autochtones au Canada gr\u00e2ce \u00e0 un atelier de couverture de KAIROS. Terminez la journ\u00e9e en dansant au rythme de la musique en direct.<\/p>\n<div id=\"attachment_8175\" style=\"width: 1034px\" class=\"wp-caption aligncenter\"><a href=\"https:\/\/destinationindigenous.ca\/wp-content\/uploads\/2020\/03\/jensquiresphotographer-Instagram.jpg\" data-rel=\"lightbox-image-3\" data-rl_title=\"jensquiresphotographer-Instagram\" data-rl_caption=\"\" title=\"jensquiresphotographer-Instagram\"><img loading=\"lazy\" decoding=\"async\" aria-describedby=\"caption-attachment-8175\" class=\"size-large wp-image-8181\" src=\"https:\/\/destinationindigenous.ca\/wp-content\/uploads\/2020\/03\/jensquiresphotographer-Instagram-1024x790.jpg\" alt=\"\" width=\"1024\" height=\"790\" srcset=\"https:\/\/destinationindigenous.ca\/wp-content\/uploads\/2020\/03\/jensquiresphotographer-Instagram-1024x790.jpg 1024w, https:\/\/destinationindigenous.ca\/wp-content\/uploads\/2020\/03\/jensquiresphotographer-Instagram-300x231.jpg 300w, https:\/\/destinationindigenous.ca\/wp-content\/uploads\/2020\/03\/jensquiresphotographer-Instagram-768x592.jpg 768w, https:\/\/destinationindigenous.ca\/wp-content\/uploads\/2020\/03\/jensquiresphotographer-Instagram.jpg 1250w\" sizes=\"auto, (max-width: 1024px) 100vw, 1024px\" \/><\/a><p id=\"caption-attachment-8175\" class=\"wp-caption-text\">The Jerry Cans<\/p><\/div>\n<p>&nbsp;<\/p>\n<h2>Canada atlantique<\/h2>\n<hr \/>\n<p>Le Canada atlantique compte un riche \u00e9ventail de peuples autochtones incluant les Micmacs, les Inuit et les Innus. Apprenez-en plus sur ces cultures dynamiques lors des c\u00e9l\u00e9brations de la Journ\u00e9e nationale des peuples autochtones au <a href=\"http:\/\/www.sjcanadaday.ca\/event.html\" target=\"_blank\" rel=\"noopener noreferrer\">Nouveau-Brunswick<\/a>,\u00a0en Nouvelle-\u00c9cosse et\u00a0<a href=\"http:\/\/mcpei.ca\/events\/national-indigenous-peoples-day\/\">\u00e0 l&rsquo;\u00cele-du-Prince-\u00c9douard<\/a>. Joignez-vous \u00e0 la Premi\u00e8re Nation micmaque Qalipu (prononc\u00e9 \u00ab\u00a0ha-lee-boo\u00a0\u00bb et signifiant \u00ab\u00a0caribou\u00a0\u00bb) \u00e0 Terre-Neuve pour une <a href=\"http:\/\/qalipu.ca\/event\/st-georges-indian-band-celebrates-national-aboriginal-day\/\" target=\"_blank\" rel=\"noopener noreferrer\">c\u00e9l\u00e9bration traditionnelle de la Journ\u00e9e nationale des peuples autochtones<\/a> avec la bande indienne de St. George. La journ\u00e9e commencera \u00e0 6h avec une c\u00e9r\u00e9monie du lever du soleil et un d\u00e9jeuner communautaire. Faites une promenade spirituelle sur la montagne Steel. Puis, rendez-vous au <em>Ktaqmkuk Mi\u2019kmaq Museum<\/em> pour d\u00e9couvrir davantage sur le peuple micmac de K\u2019Taqmkuk (Terre-Neuve).<\/p>\n<p>&nbsp;<\/p>\n<h2>Yukon<\/h2>\n<hr \/>\n<p>Le Yukon compte 14 diff\u00e9rentes Premi\u00e8res Nations, chacune ayant sa propre histoire et culture et ses propres r\u00e9cits \u00e0 raconter. <a href=\"https:\/\/www.travelyukon.com\/en\/things-to-do\/article\/national-indigenous-peoples-day\" target=\"_blank\" rel=\"noopener noreferrer\">Consultez la liste des \u00e9v\u00e9nements ici<\/a>. Le centre culturel Kwanlin Dun organise un \u00e9v\u00e9nement d\u2019une journ\u00e9e avec un d\u00e9licieux festin de solstice compos\u00e9 de rago\u00fbt et de pain bannique pour tous. Un concours de pr\u00e9paration de pain bannique sera aussi au programme. La sc\u00e8ne principale accueillera plusieurs artistes notamment les <em>Rising Sun Singers<\/em> et les <em>Selkirk Spirit Dancers<\/em>. Participez \u00e0 une comp\u00e9tition de gigue; apprenez les jeux de main; assistez \u00e0 une d\u00e9monstration de tannage de peau d\u2019orignal et d\u00e9couvrez le monde au rythme effr\u00e9n\u00e9 des sports arctiques avec le <em>Yukon Aboriginal Sport Circle. <\/em><\/p>\n<div id=\"attachment_8173\" style=\"width: 910px\" class=\"wp-caption aligncenter\"><a href=\"https:\/\/destinationindigenous.ca\/wp-content\/uploads\/2020\/03\/Kwanlin-Dun-Indigenous-Day-Vendors.jpg\" data-rel=\"lightbox-image-4\" data-rl_title=\"Kwanlin-Dun-Indigenous-Day-Vendors\" data-rl_caption=\"\" title=\"Kwanlin-Dun-Indigenous-Day-Vendors\"><img loading=\"lazy\" decoding=\"async\" aria-describedby=\"caption-attachment-8173\" class=\"size-full wp-image-8179\" src=\"https:\/\/destinationindigenous.ca\/wp-content\/uploads\/2020\/03\/Kwanlin-Dun-Indigenous-Day-Vendors.jpg\" alt=\"\" width=\"900\" height=\"506\" srcset=\"https:\/\/destinationindigenous.ca\/wp-content\/uploads\/2020\/03\/Kwanlin-Dun-Indigenous-Day-Vendors.jpg 900w, https:\/\/destinationindigenous.ca\/wp-content\/uploads\/2020\/03\/Kwanlin-Dun-Indigenous-Day-Vendors-300x169.jpg 300w, https:\/\/destinationindigenous.ca\/wp-content\/uploads\/2020\/03\/Kwanlin-Dun-Indigenous-Day-Vendors-768x432.jpg 768w\" sizes=\"auto, (max-width: 900px) 100vw, 900px\" \/><\/a><p id=\"caption-attachment-8173\" class=\"wp-caption-text\">March\u00e9 des artistes, la Journ\u00e9e nationale des peuples autochtones au centre culturel Kwanlin Dun<\/p><\/div>\n<p>&nbsp;<\/p>\n<h2>Territoires du Nord-Ouest<\/h2>\n<hr \/>\n<p>De savoureuses c\u00e9l\u00e9brations vous attendent \u00e0 Yellowknife \u00e0 l\u2019occasion de la Journ\u00e9e nationale des peuple autochtones car la <em>North Slave M\u00e9tis Alliance<\/em> organise <a href=\"https:\/\/www.myyellowknifenow.com\/30264\/national-indigenous-peoples-day-celebrations\/\">un repas de poisson gratuit au Somba K\u2019e Civic Plaza<\/a> de midi \u00e0 17h. Joignez-vous aux habitants locaux de Yellowknife et aux visiteurs pour go\u00fbter aux cultures autochtones. Au menu\u00a0: spectacle sur sc\u00e8ne, chants et danses, d\u00e9licieuse cor\u00e9gone du lac Great Slave, ma\u00efs en \u00e9pis, pain bannique et f\u00e8ves!<\/p>\n<p>&nbsp;<\/p>\n","protected":false},"excerpt":{"rendered":"<p>Le 21 juin, c\u2019est le solstice d\u2019\u00e9t\u00e9, le jour le plus long de l\u2019ann\u00e9e et une occasion traditionnelle o\u00f9 les peuples autochtones se rassemblent pour c\u00e9l\u00e9brer leur patrimoine et culture.<\/p>\n","protected":false},"author":6,"featured_media":4069,"comment_status":"closed","ping_status":"closed","sticky":false,"template":"","format":"standard","meta":[],"categories":[4],"tags":[],"class_list":["post-4068","post","type-post","status-publish","format-standard","has-post-thumbnail","hentry","category-non-classifiee","region-alberta-fr","region-colombie-britannique","region-ile-du-prince-edouard","region-manitoba-fr","region-nouveau-brunswick","region-nouvelle-ecosse","region-ontario-fr","region-saskatchewan-fr","region-territoire-du-nord-ouest","the_post_type-blog-post","listing_sub_type-centres-culturels","listing_sub_type-contes","listing_sub_type-culture-heritage-fr","listing_sub_type-demonstrations-culturelles","listing_sub_type-performances-culturelles","listing_sub_type-pow-wow-fr","listing_sub_type-tours-culturels"],"yoast_head":"<!-- This site is optimized with the Yoast SEO Premium plugin v24.2 (Yoast SEO v24.2) - https:\/\/yoast.com\/wordpress\/plugins\/seo\/ -->\n<title>C\u00e9l\u00e9brez la Journ\u00e9e nationale des peuples autochtones! - Destination Autochtones<\/title>\n<meta name=\"description\" content=\"Le 21 juin, c\u2019est le solstice d\u2019\u00e9t\u00e9, le jour le plus long de l\u2019ann\u00e9e et une occasion traditionnelle o\u00f9 les peuples autochtones se rassemblent pour c\u00e9l\u00e9brer leur patrimoine et culture.\" \/>\n<meta name=\"robots\" content=\"index, follow, max-snippet:-1, max-image-preview:large, max-video-preview:-1\" \/>\n<link rel=\"canonical\" href=\"https:\/\/destinationindigenous.ca\/fr\/blog\/celebrez-la-journee-nationale-des-peuples-autochtones\/\" \/>\n<meta property=\"og:locale\" content=\"fr_FR\" \/>\n<meta property=\"og:type\" content=\"article\" \/>\n<meta property=\"og:title\" content=\"C\u00e9l\u00e9brez la Journ\u00e9e nationale des peuples autochtones!\" \/>\n<meta property=\"og:description\" content=\"Le 21 juin, c\u2019est le solstice d\u2019\u00e9t\u00e9, le jour le plus long de l\u2019ann\u00e9e et une occasion traditionnelle o\u00f9 les peuples autochtones se rassemblent pour c\u00e9l\u00e9brer leur patrimoine et culture.\" \/>\n<meta property=\"og:url\" content=\"https:\/\/destinationindigenous.ca\/fr\/blog\/celebrez-la-journee-nationale-des-peuples-autochtones\/\" \/>\n<meta property=\"og:site_name\" content=\"DI - Planificateur de s\u00e9jour\" \/>\n<meta property=\"article:published_time\" content=\"2018-06-20T07:00:00+00:00\" \/>\n<meta property=\"article:modified_time\" content=\"2022-10-24T20:10:37+00:00\" \/>\n<meta property=\"og:image\" content=\"https:\/\/destinationindigenous.ca\/wp-content\/uploads\/2020\/01\/National_Indigenous-Day-2017-Kwanlin-Dun-FR.jpg\" \/>\n\t<meta property=\"og:image:width\" content=\"1920\" \/>\n\t<meta property=\"og:image:height\" content=\"1080\" \/>\n\t<meta property=\"og:image:type\" content=\"image\/jpeg\" \/>\n<meta name=\"author\" content=\"Nikki Bayley\" \/>\n<meta name=\"twitter:card\" content=\"summary_large_image\" \/>\n<meta name=\"twitter:label1\" content=\"\u00c9crit par\" \/>\n\t<meta name=\"twitter:data1\" content=\"Mme Nikki Bayley\" \/>\n\t<meta name=\"twitter:label2\" content=\"Dur\u00e9e de lecture estim\u00e9e\" \/>\n\t<meta name=\"twitter:data2\" content=\"6 minutes\" \/>\n<script type=\"application\/ld+json\" class=\"yoast-schema-graph\">{\"@context\":\"https:\/\/schema.org\",\"@graph\":[{\"@type\":\"Article\",\"@id\":\"https:\/\/destinationindigenous.ca\/fr\/blog\/celebrez-la-journee-nationale-des-peuples-autochtones\/#article\",\"isPartOf\":{\"@id\":\"https:\/\/destinationindigenous.ca\/fr\/blog\/celebrez-la-journee-nationale-des-peuples-autochtones\/\"},\"author\":{\"name\":\"Nikki Bayley\",\"@id\":\"https:\/\/destinationindigenous.ca\/fr\/#\/schema\/person\/77a5d4b4ef58f96cd1405d03f3d086bb\"},\"headline\":\"C\u00e9l\u00e9brez la Journ\u00e9e nationale des peuples autochtones!\",\"datePublished\":\"2018-06-20T07:00:00+00:00\",\"dateModified\":\"2022-10-24T20:10:37+00:00\",\"mainEntityOfPage\":{\"@id\":\"https:\/\/destinationindigenous.ca\/fr\/blog\/celebrez-la-journee-nationale-des-peuples-autochtones\/\"},\"wordCount\":1187,\"publisher\":{\"@id\":\"https:\/\/destinationindigenous.ca\/fr\/#organization\"},\"image\":{\"@id\":\"https:\/\/destinationindigenous.ca\/fr\/blog\/celebrez-la-journee-nationale-des-peuples-autochtones\/#primaryimage\"},\"thumbnailUrl\":\"https:\/\/destinationindigenous.ca\/wp-content\/uploads\/2020\/01\/National_Indigenous-Day-2017-Kwanlin-Dun-FR.jpg\",\"articleSection\":[\"Non classifi\u00e9(e)\"],\"inLanguage\":\"fr-FR\"},{\"@type\":\"WebPage\",\"@id\":\"https:\/\/destinationindigenous.ca\/fr\/blog\/celebrez-la-journee-nationale-des-peuples-autochtones\/\",\"url\":\"https:\/\/destinationindigenous.ca\/fr\/blog\/celebrez-la-journee-nationale-des-peuples-autochtones\/\",\"name\":\"C\u00e9l\u00e9brez la Journ\u00e9e nationale des peuples autochtones! - Destination Autochtones\",\"isPartOf\":{\"@id\":\"https:\/\/destinationindigenous.ca\/fr\/#website\"},\"primaryImageOfPage\":{\"@id\":\"https:\/\/destinationindigenous.ca\/fr\/blog\/celebrez-la-journee-nationale-des-peuples-autochtones\/#primaryimage\"},\"image\":{\"@id\":\"https:\/\/destinationindigenous.ca\/fr\/blog\/celebrez-la-journee-nationale-des-peuples-autochtones\/#primaryimage\"},\"thumbnailUrl\":\"https:\/\/destinationindigenous.ca\/wp-content\/uploads\/2020\/01\/National_Indigenous-Day-2017-Kwanlin-Dun-FR.jpg\",\"datePublished\":\"2018-06-20T07:00:00+00:00\",\"dateModified\":\"2022-10-24T20:10:37+00:00\",\"description\":\"Le 21 juin, c\u2019est le solstice d\u2019\u00e9t\u00e9, le jour le plus long de l\u2019ann\u00e9e et une occasion traditionnelle o\u00f9 les peuples autochtones se rassemblent pour c\u00e9l\u00e9brer leur patrimoine et culture.\",\"breadcrumb\":{\"@id\":\"https:\/\/destinationindigenous.ca\/fr\/blog\/celebrez-la-journee-nationale-des-peuples-autochtones\/#breadcrumb\"},\"inLanguage\":\"fr-FR\",\"potentialAction\":[{\"@type\":\"ReadAction\",\"target\":[\"https:\/\/destinationindigenous.ca\/fr\/blog\/celebrez-la-journee-nationale-des-peuples-autochtones\/\"]}]},{\"@type\":\"ImageObject\",\"inLanguage\":\"fr-FR\",\"@id\":\"https:\/\/destinationindigenous.ca\/fr\/blog\/celebrez-la-journee-nationale-des-peuples-autochtones\/#primaryimage\",\"url\":\"https:\/\/destinationindigenous.ca\/wp-content\/uploads\/2020\/01\/National_Indigenous-Day-2017-Kwanlin-Dun-FR.jpg\",\"contentUrl\":\"https:\/\/destinationindigenous.ca\/wp-content\/uploads\/2020\/01\/National_Indigenous-Day-2017-Kwanlin-Dun-FR.jpg\",\"width\":1920,\"height\":1080},{\"@type\":\"BreadcrumbList\",\"@id\":\"https:\/\/destinationindigenous.ca\/fr\/blog\/celebrez-la-journee-nationale-des-peuples-autochtones\/#breadcrumb\",\"itemListElement\":[{\"@type\":\"ListItem\",\"position\":1,\"name\":\"Home\",\"item\":\"https:\/\/destinationindigenous.ca\/fr\/\"},{\"@type\":\"ListItem\",\"position\":2,\"name\":\"C\u00e9l\u00e9brez la Journ\u00e9e nationale des peuples autochtones!\"}]},{\"@type\":\"WebSite\",\"@id\":\"https:\/\/destinationindigenous.ca\/fr\/#website\",\"url\":\"https:\/\/destinationindigenous.ca\/fr\/\",\"name\":\"DI - Planificateur de s\u00e9jour\",\"description\":\"Indigenous travel experiences from across Canada\",\"publisher\":{\"@id\":\"https:\/\/destinationindigenous.ca\/fr\/#organization\"},\"potentialAction\":[{\"@type\":\"SearchAction\",\"target\":{\"@type\":\"EntryPoint\",\"urlTemplate\":\"https:\/\/destinationindigenous.ca\/fr\/?s={search_term_string}\"},\"query-input\":{\"@type\":\"PropertyValueSpecification\",\"valueRequired\":true,\"valueName\":\"search_term_string\"}}],\"inLanguage\":\"fr-FR\"},{\"@type\":\"Organization\",\"@id\":\"https:\/\/destinationindigenous.ca\/fr\/#organization\",\"name\":\"Destination Indigenous\",\"url\":\"https:\/\/destinationindigenous.ca\/fr\/\",\"logo\":{\"@type\":\"ImageObject\",\"inLanguage\":\"fr-FR\",\"@id\":\"https:\/\/destinationindigenous.ca\/fr\/#\/schema\/logo\/image\/\",\"url\":\"https:\/\/destinationindigenous.ca\/wp-content\/uploads\/2022\/08\/di-logo-navbar@2x.png\",\"contentUrl\":\"https:\/\/destinationindigenous.ca\/wp-content\/uploads\/2022\/08\/di-logo-navbar@2x.png\",\"width\":960,\"height\":61,\"caption\":\"Destination Indigenous\"},\"image\":{\"@id\":\"https:\/\/destinationindigenous.ca\/fr\/#\/schema\/logo\/image\/\"}},{\"@type\":\"Person\",\"@id\":\"https:\/\/destinationindigenous.ca\/fr\/#\/schema\/person\/77a5d4b4ef58f96cd1405d03f3d086bb\",\"name\":\"Nikki Bayley\",\"description\":\"Nikki Bayley is an award winning international travel writer, and food and wine journalist. Originally from the UK, Nikki fell in love with Canada after a visit to Newfoundland in 2008 and moved to Vancouver in 2012. Nikki has been criss-crossing Canada ever since, learning more about the land and its peoples, and sharing their stories around the world.\",\"url\":\"https:\/\/destinationindigenous.ca\/fr\/blog\/author\/itac-nikki\/\"}]}<\/script>\n<!-- \/ Yoast SEO Premium plugin. -->","yoast_head_json":{"title":"C\u00e9l\u00e9brez la Journ\u00e9e nationale des peuples autochtones! - Destination Autochtones","description":"Le 21 juin, c\u2019est le solstice d\u2019\u00e9t\u00e9, le jour le plus long de l\u2019ann\u00e9e et une occasion traditionnelle o\u00f9 les peuples autochtones se rassemblent pour c\u00e9l\u00e9brer leur patrimoine et culture.","robots":{"index":"index","follow":"follow","max-snippet":"max-snippet:-1","max-image-preview":"max-image-preview:large","max-video-preview":"max-video-preview:-1"},"canonical":"https:\/\/destinationindigenous.ca\/fr\/blog\/celebrez-la-journee-nationale-des-peuples-autochtones\/","og_locale":"fr_FR","og_type":"article","og_title":"C\u00e9l\u00e9brez la Journ\u00e9e nationale des peuples autochtones!","og_description":"Le 21 juin, c\u2019est le solstice d\u2019\u00e9t\u00e9, le jour le plus long de l\u2019ann\u00e9e et une occasion traditionnelle o\u00f9 les peuples autochtones se rassemblent pour c\u00e9l\u00e9brer leur patrimoine et culture.","og_url":"https:\/\/destinationindigenous.ca\/fr\/blog\/celebrez-la-journee-nationale-des-peuples-autochtones\/","og_site_name":"DI - Planificateur de s\u00e9jour","article_published_time":"2018-06-20T07:00:00+00:00","article_modified_time":"2022-10-24T20:10:37+00:00","og_image":[{"width":1920,"height":1080,"url":"https:\/\/destinationindigenous.ca\/wp-content\/uploads\/2020\/01\/National_Indigenous-Day-2017-Kwanlin-Dun-FR.jpg","type":"image\/jpeg"}],"author":"Nikki Bayley","twitter_card":"summary_large_image","twitter_misc":{"\u00c9crit par":"Mme Nikki Bayley","Dur\u00e9e de lecture estim\u00e9e":"6 minutes"},"schema":{"@context":"https:\/\/schema.org","@graph":[{"@type":"Article","@id":"https:\/\/destinationindigenous.ca\/fr\/blog\/celebrez-la-journee-nationale-des-peuples-autochtones\/#article","isPartOf":{"@id":"https:\/\/destinationindigenous.ca\/fr\/blog\/celebrez-la-journee-nationale-des-peuples-autochtones\/"},"author":{"name":"Nikki Bayley","@id":"https:\/\/destinationindigenous.ca\/fr\/#\/schema\/person\/77a5d4b4ef58f96cd1405d03f3d086bb"},"headline":"C\u00e9l\u00e9brez la Journ\u00e9e nationale des peuples autochtones!","datePublished":"2018-06-20T07:00:00+00:00","dateModified":"2022-10-24T20:10:37+00:00","mainEntityOfPage":{"@id":"https:\/\/destinationindigenous.ca\/fr\/blog\/celebrez-la-journee-nationale-des-peuples-autochtones\/"},"wordCount":1187,"publisher":{"@id":"https:\/\/destinationindigenous.ca\/fr\/#organization"},"image":{"@id":"https:\/\/destinationindigenous.ca\/fr\/blog\/celebrez-la-journee-nationale-des-peuples-autochtones\/#primaryimage"},"thumbnailUrl":"https:\/\/destinationindigenous.ca\/wp-content\/uploads\/2020\/01\/National_Indigenous-Day-2017-Kwanlin-Dun-FR.jpg","articleSection":["Non classifi\u00e9(e)"],"inLanguage":"fr-FR"},{"@type":"WebPage","@id":"https:\/\/destinationindigenous.ca\/fr\/blog\/celebrez-la-journee-nationale-des-peuples-autochtones\/","url":"https:\/\/destinationindigenous.ca\/fr\/blog\/celebrez-la-journee-nationale-des-peuples-autochtones\/","name":"C\u00e9l\u00e9brez la Journ\u00e9e nationale des peuples autochtones! - Destination Autochtones","isPartOf":{"@id":"https:\/\/destinationindigenous.ca\/fr\/#website"},"primaryImageOfPage":{"@id":"https:\/\/destinationindigenous.ca\/fr\/blog\/celebrez-la-journee-nationale-des-peuples-autochtones\/#primaryimage"},"image":{"@id":"https:\/\/destinationindigenous.ca\/fr\/blog\/celebrez-la-journee-nationale-des-peuples-autochtones\/#primaryimage"},"thumbnailUrl":"https:\/\/destinationindigenous.ca\/wp-content\/uploads\/2020\/01\/National_Indigenous-Day-2017-Kwanlin-Dun-FR.jpg","datePublished":"2018-06-20T07:00:00+00:00","dateModified":"2022-10-24T20:10:37+00:00","description":"Le 21 juin, c\u2019est le solstice d\u2019\u00e9t\u00e9, le jour le plus long de l\u2019ann\u00e9e et une occasion traditionnelle o\u00f9 les peuples autochtones se rassemblent pour c\u00e9l\u00e9brer leur patrimoine et culture.","breadcrumb":{"@id":"https:\/\/destinationindigenous.ca\/fr\/blog\/celebrez-la-journee-nationale-des-peuples-autochtones\/#breadcrumb"},"inLanguage":"fr-FR","potentialAction":[{"@type":"ReadAction","target":["https:\/\/destinationindigenous.ca\/fr\/blog\/celebrez-la-journee-nationale-des-peuples-autochtones\/"]}]},{"@type":"ImageObject","inLanguage":"fr-FR","@id":"https:\/\/destinationindigenous.ca\/fr\/blog\/celebrez-la-journee-nationale-des-peuples-autochtones\/#primaryimage","url":"https:\/\/destinationindigenous.ca\/wp-content\/uploads\/2020\/01\/National_Indigenous-Day-2017-Kwanlin-Dun-FR.jpg","contentUrl":"https:\/\/destinationindigenous.ca\/wp-content\/uploads\/2020\/01\/National_Indigenous-Day-2017-Kwanlin-Dun-FR.jpg","width":1920,"height":1080},{"@type":"BreadcrumbList","@id":"https:\/\/destinationindigenous.ca\/fr\/blog\/celebrez-la-journee-nationale-des-peuples-autochtones\/#breadcrumb","itemListElement":[{"@type":"ListItem","position":1,"name":"Home","item":"https:\/\/destinationindigenous.ca\/fr\/"},{"@type":"ListItem","position":2,"name":"C\u00e9l\u00e9brez la Journ\u00e9e nationale des peuples autochtones!"}]},{"@type":"WebSite","@id":"https:\/\/destinationindigenous.ca\/fr\/#website","url":"https:\/\/destinationindigenous.ca\/fr\/","name":"DI - Planificateur de s\u00e9jour","description":"Indigenous travel experiences from across Canada","publisher":{"@id":"https:\/\/destinationindigenous.ca\/fr\/#organization"},"potentialAction":[{"@type":"SearchAction","target":{"@type":"EntryPoint","urlTemplate":"https:\/\/destinationindigenous.ca\/fr\/?s={search_term_string}"},"query-input":{"@type":"PropertyValueSpecification","valueRequired":true,"valueName":"search_term_string"}}],"inLanguage":"fr-FR"},{"@type":"Organization","@id":"https:\/\/destinationindigenous.ca\/fr\/#organization","name":"Destination Indigenous","url":"https:\/\/destinationindigenous.ca\/fr\/","logo":{"@type":"ImageObject","inLanguage":"fr-FR","@id":"https:\/\/destinationindigenous.ca\/fr\/#\/schema\/logo\/image\/","url":"https:\/\/destinationindigenous.ca\/wp-content\/uploads\/2022\/08\/di-logo-navbar@2x.png","contentUrl":"https:\/\/destinationindigenous.ca\/wp-content\/uploads\/2022\/08\/di-logo-navbar@2x.png","width":960,"height":61,"caption":"Destination Indigenous"},"image":{"@id":"https:\/\/destinationindigenous.ca\/fr\/#\/schema\/logo\/image\/"}},{"@type":"Person","@id":"https:\/\/destinationindigenous.ca\/fr\/#\/schema\/person\/77a5d4b4ef58f96cd1405d03f3d086bb","name":"Nikki Bayley","description":"Nikki Bayley is an award winning international travel writer, and food and wine journalist. Originally from the UK, Nikki fell in love with Canada after a visit to Newfoundland in 2008 and moved to Vancouver in 2012. Nikki has been criss-crossing Canada ever since, learning more about the land and its peoples, and sharing their stories around the world.","url":"https:\/\/destinationindigenous.ca\/fr\/blog\/author\/itac-nikki\/"}]}},"_links":{"self":[{"href":"https:\/\/destinationindigenous.ca\/fr\/wp-json\/wp\/v2\/posts\/4068","targetHints":{"allow":["GET"]}}],"collection":[{"href":"https:\/\/destinationindigenous.ca\/fr\/wp-json\/wp\/v2\/posts"}],"about":[{"href":"https:\/\/destinationindigenous.ca\/fr\/wp-json\/wp\/v2\/types\/post"}],"author":[{"embeddable":true,"href":"https:\/\/destinationindigenous.ca\/fr\/wp-json\/wp\/v2\/users\/6"}],"replies":[{"embeddable":true,"href":"https:\/\/destinationindigenous.ca\/fr\/wp-json\/wp\/v2\/comments?post=4068"}],"version-history":[{"count":0,"href":"https:\/\/destinationindigenous.ca\/fr\/wp-json\/wp\/v2\/posts\/4068\/revisions"}],"wp:featuredmedia":[{"embeddable":true,"href":"https:\/\/destinationindigenous.ca\/fr\/wp-json\/wp\/v2\/media\/4069"}],"wp:attachment":[{"href":"https:\/\/destinationindigenous.ca\/fr\/wp-json\/wp\/v2\/media?parent=4068"}],"wp:term":[{"taxonomy":"category","embeddable":true,"href":"https:\/\/destinationindigenous.ca\/fr\/wp-json\/wp\/v2\/categories?post=4068"},{"taxonomy":"post_tag","embeddable":true,"href":"https:\/\/destinationindigenous.ca\/fr\/wp-json\/wp\/v2\/tags?post=4068"}],"curies":[{"name":"wp","href":"https:\/\/api.w.org\/{rel}","templated":true}]}}