{"id":6855,"date":"2020-02-14T10:11:40","date_gmt":"2020-02-14T18:11:40","guid":{"rendered":"https:\/\/destinationindigenous.ca\/?p=6855"},"modified":"2020-12-10T15:13:45","modified_gmt":"2020-12-10T23:13:45","slug":"lart-est-une-expression-de-la-culture","status":"publish","type":"post","link":"https:\/\/destinationindigenous.ca\/fr\/blog\/lart-est-une-expression-de-la-culture\/","title":{"rendered":"L\u2019art est une expression de la culture"},"content":{"rendered":"<p class=\"p1\">Explorez un peu plus loin ! D\u00e9couvrez les diverses cultures autochtones au Canada. \u00c9coutez des chansons et des histoires autour d\u2019un feu. Cr\u00e9ez de l\u2019art unique et apprenez les techniques du Peuple des Porcs-\u00e9pics. Plongez votre pagaie dans la rivi\u00e8re, d\u00e9couvrez une tradition aussi ancienne que ciel et mer. D\u2019un oc\u00e9an \u00e0 l\u2019autre, le Canada regorge de tr\u00e9sors culturels exceptionnels. En voici quelques-uns des meilleurs!<\/p>\n<p><a href=\"https:\/\/destinationindigenous.ca\/wp-content\/uploads\/2020\/03\/1ST-76.jpg\" data-rel=\"lightbox-image-0\" data-rl_title=\"1ST-76\" data-rl_caption=\"\" title=\"1ST-76\"><img loading=\"lazy\" decoding=\"async\" class=\"aligncenter size-large wp-image-7847 portrait\" src=\"https:\/\/destinationindigenous.ca\/wp-content\/uploads\/2020\/03\/1ST-76-661x1024.jpg\" alt=\"\" width=\"661\" height=\"1024\" srcset=\"https:\/\/destinationindigenous.ca\/wp-content\/uploads\/2020\/03\/1ST-76-661x1024.jpg 661w, https:\/\/destinationindigenous.ca\/wp-content\/uploads\/2020\/03\/1ST-76-194x300.jpg 194w, https:\/\/destinationindigenous.ca\/wp-content\/uploads\/2020\/03\/1ST-76-768x1189.jpg 768w, https:\/\/destinationindigenous.ca\/wp-content\/uploads\/2020\/03\/1ST-76-992x1536.jpg 992w, https:\/\/destinationindigenous.ca\/wp-content\/uploads\/2020\/03\/1ST-76-1323x2048.jpg 1323w, https:\/\/destinationindigenous.ca\/wp-content\/uploads\/2020\/03\/1ST-76.jpg 1493w\" sizes=\"auto, (max-width: 661px) 100vw, 661px\" \/><\/a><\/p>\n<h2 class=\"p1\">Le centre du patrimoine Teslin Tlingit<\/h2>\n<p class=\"p2\">O\u00f9 : Teslin, Yukon (sud-est)<br \/>\n\u00c0 ne pas manquer : Nos d\u00e9monstrations culturelles<\/p>\n<p class=\"p3\">Serrez la main d\u2019un ma\u00eetre sculpteur et regardez-le r\u00e9aliser une formidable sculpture \u00e0 partir d\u2019un bloc de bois. Rencontrez les talentueux tisserands qui transforment de l\u2019\u00e9corce de bouleau en de magnifiques oeuvres. Apprenez-en plus sur le tissage Chilkoot. Assistez \u00e0 une d\u00e9monstration de fabrication de mocassins et de sellerie. D\u00e9couvrez l\u2019art traditionnel de confectionner des bo\u00eetes en bois cintr\u00e9. Explorez notre culture culinaire et apprenez-en davantage sur le fumage de saumon et les techniques traditionnelles de conservation des aliments. Go\u00fbtez \u00e0 notre pain bannique fra\u00eechement pr\u00e9par\u00e9. Plongez vos pieds dans le lac immacul\u00e9 Teslin. D\u00e9tendez-vous en plein air dans ce cadre spectaculaire. Repartez avec un pr\u00e9cieux souvenir de notre boutique bien garnie.<\/p>\n<p><a href=\"https:\/\/www.yukonmuseums.ca\/cultural\/teslin\/teslin.html\" target=\"_blank\" rel=\"noopener noreferrer\">www.YukonMuseums.ca<\/a><\/p>\n<p><a href=\"https:\/\/destinationindigenous.ca\/wp-content\/uploads\/2020\/03\/HAIDA-HERITAGE-CENTRE-OCT2018_007-large-83.jpg\" data-rel=\"lightbox-image-1\" data-rl_title=\"HAIDA-HERITAGE-CENTRE-OCT2018_007-large-83\" data-rl_caption=\"\" title=\"HAIDA-HERITAGE-CENTRE-OCT2018_007-large-83\"><img loading=\"lazy\" decoding=\"async\" class=\"aligncenter size-large wp-image-7846\" src=\"https:\/\/destinationindigenous.ca\/wp-content\/uploads\/2020\/03\/HAIDA-HERITAGE-CENTRE-OCT2018_007-large-83-1024x683.jpg\" alt=\"\" width=\"1024\" height=\"683\" srcset=\"https:\/\/destinationindigenous.ca\/wp-content\/uploads\/2020\/03\/HAIDA-HERITAGE-CENTRE-OCT2018_007-large-83-1024x683.jpg 1024w, https:\/\/destinationindigenous.ca\/wp-content\/uploads\/2020\/03\/HAIDA-HERITAGE-CENTRE-OCT2018_007-large-83-300x200.jpg 300w, https:\/\/destinationindigenous.ca\/wp-content\/uploads\/2020\/03\/HAIDA-HERITAGE-CENTRE-OCT2018_007-large-83-768x512.jpg 768w, https:\/\/destinationindigenous.ca\/wp-content\/uploads\/2020\/03\/HAIDA-HERITAGE-CENTRE-OCT2018_007-large-83-1536x1025.jpg 1536w, https:\/\/destinationindigenous.ca\/wp-content\/uploads\/2020\/03\/HAIDA-HERITAGE-CENTRE-OCT2018_007-large-83.jpg 1920w\" sizes=\"auto, (max-width: 1024px) 100vw, 1024px\" \/><\/a><\/p>\n<h2 class=\"p1\">Le Haida Heritage Centre \u00e0 Kay Llnagaay<\/h2>\n<p class=\"p2\">O\u00f9 : Skidegate, Haida Gwaii, C.-B.<br \/>\n\u00c0 ne pas manquer : Visite pour voir les m\u00e2ts monumentaux, juin \u2013 ao\u00fbt (tous les jours)<\/p>\n<p class=\"p3\">Le Haida Heritage Centre c\u00e9l\u00e8bre la riche culture du peuple ha\u00efda. Par le biais de la langue, de l\u2019art et des contes, nous partageons notre lien avec la terre et la mer \u2014 ce lien qui nous fa\u00e7onne, nous nourrit et nous soutient. Les m\u00e2ts monumentaux ha\u00efdas sont l\u2019un des symboles autochtones les plus reconnaissables au monde. Joignez\u2011vous \u00e0 nous pour une visite de quelques-uns des nombreux m\u00e2ts \u00e0 Kay Llnagaay. D\u00e9cryptez les types de m\u00e2ts et leurs r\u00f4les, les embl\u00e8mes et les r\u00e9cits qu\u2019ils portent depuis la nuit des temps.<\/p>\n<p class=\"p4\"><a href=\"http:\/\/haidaheritagecentre.com\" target=\"_blank\" rel=\"noopener noreferrer\">www.HaidaHeritageCentre.com<\/a><\/p>\n<p><a href=\"https:\/\/destinationindigenous.ca\/wp-content\/uploads\/2020\/03\/MetisCrossing-49-scaled.jpg\" data-rel=\"lightbox-image-2\" data-rl_title=\"MetisCrossing-49\" data-rl_caption=\"\" title=\"MetisCrossing-49\"><img loading=\"lazy\" decoding=\"async\" class=\"aligncenter size-large wp-image-7849\" src=\"https:\/\/destinationindigenous.ca\/wp-content\/uploads\/2020\/03\/MetisCrossing-49-1024x683.jpg\" alt=\"\" width=\"1024\" height=\"683\" srcset=\"https:\/\/destinationindigenous.ca\/wp-content\/uploads\/2020\/03\/MetisCrossing-49-1024x683.jpg 1024w, https:\/\/destinationindigenous.ca\/wp-content\/uploads\/2020\/03\/MetisCrossing-49-300x200.jpg 300w, https:\/\/destinationindigenous.ca\/wp-content\/uploads\/2020\/03\/MetisCrossing-49-768x512.jpg 768w, https:\/\/destinationindigenous.ca\/wp-content\/uploads\/2020\/03\/MetisCrossing-49-1536x1024.jpg 1536w, https:\/\/destinationindigenous.ca\/wp-content\/uploads\/2020\/03\/MetisCrossing-49-2048x1365.jpg 2048w\" sizes=\"auto, (max-width: 1024px) 100vw, 1024px\" \/><\/a><\/p>\n<h2 class=\"p1\">M\u00e9tis Crossing \u2014 D\u00e9couvrez notre culture fascinante !<\/h2>\n<p class=\"p2\">O\u00f9 : Smoky Lake, Alberta (nord-est)<br \/>\n\u00c0 ne pas manquer : Pagayez dans le pass\u00e9<\/p>\n<p class=\"p3\">Joignez-vous \u00e0 nous pour une exp\u00e9rience immersive autochtone de quatre heures sur deux sites historiques. Faites une excursion en canot voyageur le long de la rivi\u00e8re Saskatchewan Nord \u2014 une route traditionnelle pour la traite des fourrures. Les M\u00e9tis, l\u2019un des trois peuples autochtones au Canada, constituent une nation fi\u00e8re. Cette exp\u00e9rience vous fera d\u00e9couvrir notre mode de vie, notre artisanat, nos techniques de survie et notre sens de l\u2019entrepreneuriat transmis \u00e0 travers des g\u00e9n\u00e9rations. Essayez le tissage aux doigts. Pagayez sur les eaux de la rivi\u00e8re. Restez \u00e0 l\u2019aff\u00fbt des castors canadiens vivant sur les rives. Sirotez une tasse de th\u00e9. Ce voyage est un m\u00e9lange parfait de culture, de grands espaces et d\u2019histoire m\u00e9tisse.<\/p>\n<p><a href=\"http:\/\/metiscrossing.org\" target=\"_blank\" rel=\"noopener noreferrer\">www.MetisCrossing.org<\/a><\/p>\n<p><a href=\"https:\/\/destinationindigenous.ca\/wp-content\/uploads\/2020\/03\/Huron-Wendat-Onhoua-Chetek8e.jpg\" data-rel=\"lightbox-image-3\" data-rl_title=\"Huron-Wendat-Onhoua-Chetek8e\" data-rl_caption=\"\" title=\"Huron-Wendat-Onhoua-Chetek8e\"><img loading=\"lazy\" decoding=\"async\" class=\"aligncenter size-large wp-image-7852\" src=\"https:\/\/destinationindigenous.ca\/wp-content\/uploads\/2020\/03\/Huron-Wendat-Onhoua-Chetek8e-1024x683.jpg\" alt=\"\" width=\"1024\" height=\"683\" srcset=\"https:\/\/destinationindigenous.ca\/wp-content\/uploads\/2020\/03\/Huron-Wendat-Onhoua-Chetek8e-1024x683.jpg 1024w, https:\/\/destinationindigenous.ca\/wp-content\/uploads\/2020\/03\/Huron-Wendat-Onhoua-Chetek8e-300x200.jpg 300w, https:\/\/destinationindigenous.ca\/wp-content\/uploads\/2020\/03\/Huron-Wendat-Onhoua-Chetek8e-768x512.jpg 768w, https:\/\/destinationindigenous.ca\/wp-content\/uploads\/2020\/03\/Huron-Wendat-Onhoua-Chetek8e-1536x1024.jpg 1536w, https:\/\/destinationindigenous.ca\/wp-content\/uploads\/2020\/03\/Huron-Wendat-Onhoua-Chetek8e.jpg 1800w\" sizes=\"auto, (max-width: 1024px) 100vw, 1024px\" \/><\/a><\/p>\n<h2 class=\"p1\">Le site traditionnel huron Onhou\u0308a Chetek8e<\/h2>\n<p class=\"p2\">O\u00f9 : Wendake, Qu\u00e9bec<br \/>\n\u00c0 ne pas manquer : L\u2019histoire des Hurons-Wendat d\u2019hier \u00e0 aujourd\u2019hui<\/p>\n<p class=\"p3\">Kwe! D\u00e9couvrez la culture encore bien vivante et l\u2019histoire bien document\u00e9e du peuple huron-wendat. Faites une visite guid\u00e9e en compagnie d\u2019un ambassadeur culturel. Prenez place dans un canot pour \u00e9couter contes et l\u00e9gendes. Assistez \u00e0 un spectacle de danse traditionnelle. Participez \u00e0 un atelier d\u2019artisanat. Savourez notre d\u00e9licieuse cuisine autochtone \u00e0 base de viandes de gibier et de poisson au restaurant NEK8ARRE qui peut accueillir jusqu\u2019\u00e0 180 personnes. N\u2019oubliez pas de faire un tour \u00e0 la boutique Le Huron qui dispose d\u2019oeuvres d\u2019art et d\u2019artisanat autochtones uniques provenant de tout l\u2019Am\u00e9rique du Nord. Ouvert toute l\u2019ann\u00e9e, on est \u00e0 seulement 20 minutes de route au nord du centre-ville de Qu\u00e9bec.<\/p>\n<p><a href=\"https:\/\/www.huron-wendat.qc.ca\/en\/\" target=\"_blank\" rel=\"noopener noreferrer\">www.Huron-Wendat.QC.ca<\/a><\/p>\n<p><a href=\"https:\/\/destinationindigenous.ca\/wp-content\/uploads\/2020\/03\/Squamish-LilWat-Cultural-Centre-58-scaled.jpg\" data-rel=\"lightbox-image-4\" data-rl_title=\"Squamish-LilWat-Cultural-Centre-58\" data-rl_caption=\"\" title=\"Squamish-LilWat-Cultural-Centre-58\"><img loading=\"lazy\" decoding=\"async\" class=\"aligncenter size-large wp-image-7842\" src=\"https:\/\/destinationindigenous.ca\/wp-content\/uploads\/2020\/03\/Squamish-LilWat-Cultural-Centre-58-1024x683.jpg\" alt=\"\" width=\"1024\" height=\"683\" srcset=\"https:\/\/destinationindigenous.ca\/wp-content\/uploads\/2020\/03\/Squamish-LilWat-Cultural-Centre-58-1024x683.jpg 1024w, https:\/\/destinationindigenous.ca\/wp-content\/uploads\/2020\/03\/Squamish-LilWat-Cultural-Centre-58-300x200.jpg 300w, https:\/\/destinationindigenous.ca\/wp-content\/uploads\/2020\/03\/Squamish-LilWat-Cultural-Centre-58-768x512.jpg 768w, https:\/\/destinationindigenous.ca\/wp-content\/uploads\/2020\/03\/Squamish-LilWat-Cultural-Centre-58-1536x1024.jpg 1536w, https:\/\/destinationindigenous.ca\/wp-content\/uploads\/2020\/03\/Squamish-LilWat-Cultural-Centre-58-2048x1365.jpg 2048w\" sizes=\"auto, (max-width: 1024px) 100vw, 1024px\" \/><\/a><\/p>\n<h2 class=\"p1\">Le centre culturel Squamish Lil\u2019wat<\/h2>\n<p class=\"p2\">O\u00f9 : Whistler, C.-B.<br \/>\n\u00c0 ne pas manquer : Notre visite guid\u00e9e intitul\u00e9e \u00ab Ce que nous ch\u00e9rissons \u00bb<\/p>\n<p class=\"p3\">Participez \u00e0 la visite phare qui a lieu \u00e0 toutes les heures au centre culturel Squamish Lil\u2019wat. Des ambassadeurs culturels chevronn\u00e9s des nations Squamish et Lil\u2019wat partageront avec vous leurs propres histoires et leur culture. La visite inclut une chanson de bienvenue, un film de quinze minutes, une exposition et une activit\u00e9 artisanale optionnelle. Ceux qui veulent y venir mais n\u2019ont pas le temps de faire une visite peuvent profiter de l\u2019espace d\u2019acc\u00e8s gratuit qui inclut la plus grande boutique de souvenirs des Premi\u00e8res Nations de Whistler et le seul caf\u00e9 d\u2019inspiration autochtone de Whistler, Thunderbird Caf\u00e9. Vous y d\u00e9couvrirez des articles et une cuisine authentiques et uniques aux nations Squamish, Lil\u2019wat et \u00e0 d\u2019autres peuples autochtones au Canada.<\/p>\n<p class=\"p4\"><a href=\"http:\/\/slcc.ca\" target=\"_blank\" rel=\"noopener noreferrer\">www.SLCC.ca<\/a><\/p>\n<p><a href=\"https:\/\/destinationindigenous.ca\/wp-content\/uploads\/2020\/03\/Tourism-Wendake-90.jpg\" data-rel=\"lightbox-image-5\" data-rl_title=\"Tourism-Wendake-90\" data-rl_caption=\"\" title=\"Tourism-Wendake-90\"><img loading=\"lazy\" decoding=\"async\" class=\"aligncenter size-large wp-image-7839\" src=\"https:\/\/destinationindigenous.ca\/wp-content\/uploads\/2020\/03\/Tourism-Wendake-90-1024x576.jpg\" alt=\"\" width=\"1024\" height=\"576\" srcset=\"https:\/\/destinationindigenous.ca\/wp-content\/uploads\/2020\/03\/Tourism-Wendake-90-1024x576.jpg 1024w, https:\/\/destinationindigenous.ca\/wp-content\/uploads\/2020\/03\/Tourism-Wendake-90-300x169.jpg 300w, https:\/\/destinationindigenous.ca\/wp-content\/uploads\/2020\/03\/Tourism-Wendake-90-768x432.jpg 768w, https:\/\/destinationindigenous.ca\/wp-content\/uploads\/2020\/03\/Tourism-Wendake-90-1536x864.jpg 1536w, https:\/\/destinationindigenous.ca\/wp-content\/uploads\/2020\/03\/Tourism-Wendake-90.jpg 1920w\" sizes=\"auto, (max-width: 1024px) 100vw, 1024px\" \/><\/a><\/p>\n<h2 class=\"p1\">Wendake at the National Longhouse<\/h2>\n<h2 class=\"p1\">Maison longue nationale de Wendake<\/h2>\n<p class=\"p2\">O\u00f9 : Wendake, Qu\u00e9bec<br \/>\n\u00c0 ne pas manquer : Mythes et l\u00e9gendes<\/p>\n<p class=\"p3\">Dans la longue maison nationale Ekionkiestha des Hurons-Wendat, venez vous joindre \u00e0 nous et installezvous autour du feu pour \u00e9couter les mythes et l\u00e9gendes de la Premi\u00e8re Nation Huron-Wendat tous les soirs \u00e0 18 h en anglais et \u00e0 21 h en fran\u00e7ais. Sirotez une tasse de th\u00e9 du Labrador apaisant tout en \u00e9coutant nos chants et histoires.<\/p>\n<p class=\"p4\"><a href=\"http:\/\/tourismewendake.ca\" target=\"_blank\" rel=\"noopener noreferrer\">www.TourismeWendake.ca<\/a><\/p>\n<p><a href=\"https:\/\/destinationindigenous.ca\/wp-content\/uploads\/2022\/09\/sncewips-Heritage-Museum-67-scaled-1.jpg\" data-rel=\"lightbox-image-6\" data-rl_title=\"sncewips-Heritage-Museum-67-scaled-1\" data-rl_caption=\"\" title=\"sncewips-Heritage-Museum-67-scaled-1\"><img loading=\"lazy\" decoding=\"async\" class=\"aligncenter size-large wp-image-7845\" src=\"https:\/\/destinationindigenous.ca\/wp-content\/uploads\/2022\/09\/sncewips-Heritage-Museum-67-scaled-1-1024x683.jpg\" alt=\"\" width=\"1024\" height=\"683\" \/><\/a><\/p>\n<h2 class=\"p1\">Le Mus\u00e9e du patrimoine sncewips<\/h2>\n<p class=\"p2\">O\u00f9 : Westbank, C.-B.<br \/>\n\u00c0 ne pas manquer : Les visites guid\u00e9es<\/p>\n<p class=\"p2\">Nous proposons des visites guid\u00e9es pour des groupes (maximum de 30 personnes). Lors d\u2019une visite, vous apprendrez davantage sur l\u2019histoire pr\u00e9europ\u00e9enne et r\u00e9cente et les \u00e9v\u00e9nements marquants pour la Premi\u00e8re Nation de Westbank. Nous pr\u00e9sentons un espace mus\u00e9al vivant et \u00e9duquons nos visiteurs dans une perspective qui cr\u00e9e une conscience culturelle de la nation Syilx dans un lieu ouvert o\u00f9 toutes les questions sont les bienvenues !<\/p>\n<p><a href=\"http:\/\/sncewips.com\" target=\"_blank\" rel=\"noopener noreferrer\">www.Sncewips.com<\/a><\/p>\n<p><a href=\"https:\/\/destinationindigenous.ca\/wp-content\/uploads\/2020\/03\/Blackfoot-Crossing-High-Res-70.jpg\" data-rel=\"lightbox-image-7\" data-rl_title=\"Blackfoot-Crossing-High-Res-70\" data-rl_caption=\"\" title=\"Blackfoot-Crossing-High-Res-70\"><img loading=\"lazy\" decoding=\"async\" class=\"aligncenter size-large wp-image-7841\" src=\"https:\/\/destinationindigenous.ca\/wp-content\/uploads\/2020\/03\/Blackfoot-Crossing-High-Res-70-1024x718.jpg\" alt=\"\" width=\"1024\" height=\"718\" srcset=\"https:\/\/destinationindigenous.ca\/wp-content\/uploads\/2020\/03\/Blackfoot-Crossing-High-Res-70-1024x718.jpg 1024w, https:\/\/destinationindigenous.ca\/wp-content\/uploads\/2020\/03\/Blackfoot-Crossing-High-Res-70-300x210.jpg 300w, https:\/\/destinationindigenous.ca\/wp-content\/uploads\/2020\/03\/Blackfoot-Crossing-High-Res-70-768x539.jpg 768w, https:\/\/destinationindigenous.ca\/wp-content\/uploads\/2020\/03\/Blackfoot-Crossing-High-Res-70-1536x1078.jpg 1536w, https:\/\/destinationindigenous.ca\/wp-content\/uploads\/2020\/03\/Blackfoot-Crossing-High-Res-70.jpg 1920w\" sizes=\"auto, (max-width: 1024px) 100vw, 1024px\" \/><\/a><\/p>\n<h2 class=\"p1\">Le parc historique de Blackfoot Crossing<\/h2>\n<p class=\"p2\">O\u00f9 : nation Siksika, Alberta<br \/>\n\u00c0 ne pas manquer : L\u2019histoire, les traditions et les membres de la nation Siksika (Pieds-Noirs)<\/p>\n<p class=\"p3\">Plongez dans le pass\u00e9 \u00e0 Blackfoot Crossing, lieu de la signature du Trait\u00e9 No.7 et site d\u2019importance historique et arch\u00e9ologique nationale et internationale. Ouvert en 2007, le parc historique de Blackfoot Crossing permet aux visiteurs de vivre des exp\u00e9riences culturelles authentiques de Siksika. Le peuple Siksika vous invite \u00e0 entreprendre un voyage spirituel \u00e0 travers des expositions et visites informatives ! Savourez une cuisine saisonni\u00e8re et assistez aux spectacles \u00e9blouissants. Visitez le fier patrimoine de la nation Siksika !<\/p>\n<p class=\"p4\"><a href=\"http:\/\/blackfootcrossing.ca\" target=\"_blank\" rel=\"noopener noreferrer\">www.BlackfootCrossing.ca<\/a><\/p>\n<p><a href=\"https:\/\/destinationindigenous.ca\/wp-content\/uploads\/2020\/03\/HOP_North-Cape-Coastal-Drive-2016-437-Copy.jpg\" data-rel=\"lightbox-image-8\" data-rl_title=\"HOP_North-Cape-Coastal-Drive-2016-437-Copy\" data-rl_caption=\"\" title=\"HOP_North-Cape-Coastal-Drive-2016-437-Copy\"><img loading=\"lazy\" decoding=\"async\" class=\"aligncenter size-large wp-image-7851\" src=\"https:\/\/destinationindigenous.ca\/wp-content\/uploads\/2020\/03\/HOP_North-Cape-Coastal-Drive-2016-437-Copy-1024x683.jpg\" alt=\"\" width=\"1024\" height=\"683\" srcset=\"https:\/\/destinationindigenous.ca\/wp-content\/uploads\/2020\/03\/HOP_North-Cape-Coastal-Drive-2016-437-Copy-1024x683.jpg 1024w, https:\/\/destinationindigenous.ca\/wp-content\/uploads\/2020\/03\/HOP_North-Cape-Coastal-Drive-2016-437-Copy-300x200.jpg 300w, https:\/\/destinationindigenous.ca\/wp-content\/uploads\/2020\/03\/HOP_North-Cape-Coastal-Drive-2016-437-Copy-768x512.jpg 768w, https:\/\/destinationindigenous.ca\/wp-content\/uploads\/2020\/03\/HOP_North-Cape-Coastal-Drive-2016-437-Copy-1536x1025.jpg 1536w, https:\/\/destinationindigenous.ca\/wp-content\/uploads\/2020\/03\/HOP_North-Cape-Coastal-Drive-2016-437-Copy.jpg 1800w\" sizes=\"auto, (max-width: 1024px) 100vw, 1024px\" \/><\/a><\/p>\n<h2 class=\"p1\">Lennox Island Mi\u2019kmaq Cultural Centre<\/h2>\n<p class=\"p2\">O\u00f9 : Premi\u00e8re Nation de Lennox Island, \u00ce.-P.-\u00c9.<br \/>\n\u00c0 ne pas manquer : nos trois exp\u00e9riences authentiques<\/p>\n<p class=\"p3\">Apprenez-en sur la r\u00e9colte de piquants de porc-\u00e9pic et d\u2019\u00e9corce de bouleau et la raison pour laquelle notre peuple \u00e9tait autrefois connu comme \u00ab le peuple des porcs-\u00e9pics \u00bb tout en confectionnant une magnifique oeuvre avec les piquants. Vous voulez entendre les battements de coeur de la Terre M\u00e8re ? L\u2019exp\u00e9rience \u00ab Battement d\u2019un tambour \u00bb est pour vous ! D\u00e9couvrez tout sur les fournitures utilis\u00e9es alors que vous fabriquez votre propre tambour \u00e0 main micmac de 10 pouces. Vivez \u00e9galement l\u2019exp\u00e9rience unique \u00ab Pain bannique et palourdes dans le sable \u00bb ! La pr\u00e9paration de notre pain traditionnel \u2014 la bannique \u2014 comme dans le bon vieux temps n\u2019aura plus aucun secret pour vous.<\/p>\n<p class=\"p4\"><a href=\"http:\/\/lennoxisland.com\" target=\"_blank\" rel=\"noopener noreferrer\">www.LennoxIsland.com<\/a><\/p>\n<p><a href=\"https:\/\/destinationindigenous.ca\/wp-content\/uploads\/2020\/03\/Carcross_-Commons_ADruillet-42-scaled.jpg\" data-rel=\"lightbox-image-9\" data-rl_title=\"Carcross_-Commons_ADruillet-42\" data-rl_caption=\"\" title=\"Carcross_-Commons_ADruillet-42\"><img loading=\"lazy\" decoding=\"async\" class=\"aligncenter size-large wp-image-7848\" src=\"https:\/\/destinationindigenous.ca\/wp-content\/uploads\/2020\/03\/Carcross_-Commons_ADruillet-42-1024x678.jpg\" alt=\"\" width=\"1024\" height=\"678\" srcset=\"https:\/\/destinationindigenous.ca\/wp-content\/uploads\/2020\/03\/Carcross_-Commons_ADruillet-42-1024x678.jpg 1024w, https:\/\/destinationindigenous.ca\/wp-content\/uploads\/2020\/03\/Carcross_-Commons_ADruillet-42-300x199.jpg 300w, https:\/\/destinationindigenous.ca\/wp-content\/uploads\/2020\/03\/Carcross_-Commons_ADruillet-42-768x509.jpg 768w, https:\/\/destinationindigenous.ca\/wp-content\/uploads\/2020\/03\/Carcross_-Commons_ADruillet-42-1536x1017.jpg 1536w, https:\/\/destinationindigenous.ca\/wp-content\/uploads\/2020\/03\/Carcross_-Commons_ADruillet-42-2048x1356.jpg 2048w\" sizes=\"auto, (max-width: 1024px) 100vw, 1024px\" \/><\/a><\/p>\n<h2 class=\"p1\">Destination Carcross<\/h2>\n<p class=\"p2\">O\u00f9 : Carcross, Yukon<br \/>\n\u00c0 ne pas manquer : L\u2019opportunit\u00e9 de d\u00e9couvrir la culture et l\u2019histoire authentiques du Yukon !<\/p>\n<p class=\"p3\">Magasinez des souvenirs locaux uniques \u00e0 Carcross Commons. Faites des randonn\u00e9es \u00e0 pied ou \u00e0 v\u00e9lo sur la montagne Montana. Rendez-vous au centre d\u2019apprentissage de la Premi\u00e8re Nation de Carcross\/Tagish pour en apprendre plus sur leur culture \u00e0 travers des visites guid\u00e9es et des expositions fascinantes. Laissez-vous \u00e9merveiller par les paysages exceptionnels et les joyaux naturels : montagnes, lacs, d\u00e9sert, plages, poissons, plantes, oiseaux et animaux. Venez-vous joindre \u00e0 nous \u00e0 mi-chemin entre Skagway et Whitehorse \u2013 Carcross est le \u00ab carrefour \u00bb o\u00f9 toutes les cultures peuvent se rassembler. Nous vous souhaitons la bienvenue sur le territoire traditionnel de la Premi\u00e8re Nation Carcross\/Tagish. Venez faire partie de notre histoire !<\/p>\n<p class=\"p4\"><a href=\"http:\/\/destinationcarcross.ca\" target=\"_blank\" rel=\"noopener noreferrer\">www.DestinationCarcross.ca<\/a><\/p>\n<p><a href=\"https:\/\/destinationindigenous.ca\/wp-content\/uploads\/2020\/03\/DEN_0636-50-scaled.jpg\" data-rel=\"lightbox-image-10\" data-rl_title=\"DEN_0636-50\" data-rl_caption=\"\" title=\"DEN_0636-50\"><img loading=\"lazy\" decoding=\"async\" class=\"aligncenter size-large wp-image-7840\" src=\"https:\/\/destinationindigenous.ca\/wp-content\/uploads\/2020\/03\/DEN_0636-50-1024x683.jpg\" alt=\"\" width=\"1024\" height=\"683\" srcset=\"https:\/\/destinationindigenous.ca\/wp-content\/uploads\/2020\/03\/DEN_0636-50-1024x683.jpg 1024w, https:\/\/destinationindigenous.ca\/wp-content\/uploads\/2020\/03\/DEN_0636-50-300x200.jpg 300w, https:\/\/destinationindigenous.ca\/wp-content\/uploads\/2020\/03\/DEN_0636-50-768x512.jpg 768w, https:\/\/destinationindigenous.ca\/wp-content\/uploads\/2020\/03\/DEN_0636-50-1536x1024.jpg 1536w, https:\/\/destinationindigenous.ca\/wp-content\/uploads\/2020\/03\/DEN_0636-50-2048x1365.jpg 2048w\" sizes=\"auto, (max-width: 1024px) 100vw, 1024px\" \/><\/a><\/p>\n<h2 class=\"p1\">La Fondation culturelle ojibw\u00e9e<\/h2>\n<p class=\"p2\">O\u00f9 : Premi\u00e8re Nation M\u2019Chigeeng, Ontario (centre)<br \/>\n\u00c0 ne pas manquer : Les studios Enaamijige Yaang (\u00ab Notre vision \u00bb)<\/p>\n<p class=\"p3\">Les studios Enaamijige Yaang offrent aux artistes maison la possibilit\u00e9 de faire d\u00e9couvrir leurs domaines d\u2019art et de conception. En plus de mettre en valeur leurs talents et cr\u00e9ations, les artistes offrent des ateliers ponctuels et planifi\u00e9s \u00e0 l\u2019intention des groupes et des particuliers souhaitant en apprendre plus sur le travail sur cuir et avec les piquants de porc-\u00e9pic, le perlage, entre autres. Chaque artiste pratique un savoir-faire ancestral, perp\u00e9tuant ainsi la culture et les traditions du peuple anishinaabe de Mnidoo Mnising (\u00eele Manitoulin).<\/p>\n<p><a href=\"https:\/\/ojibweculture.ca\/\" target=\"_blank\" rel=\"noopener noreferrer\">www.OjibweCulture.ca<\/a><\/p>\n<p><a href=\"https:\/\/destinationindigenous.ca\/wp-content\/uploads\/2020\/03\/Kwanlin-Dun-Nation1-see-copy-for-credit-40-scaled-1.jpg\" data-rel=\"lightbox-image-11\" data-rl_title=\"Kwanlin-Dun-Nation1-see-copy-for-credit-40-scaled-1\" data-rl_caption=\"\" title=\"Kwanlin-Dun-Nation1-see-copy-for-credit-40-scaled-1\"><img loading=\"lazy\" decoding=\"async\" class=\"aligncenter size-large wp-image-7844\" src=\"https:\/\/destinationindigenous.ca\/wp-content\/uploads\/2020\/03\/Kwanlin-Du\u0308n-Nation1-see-copy-for-credit-40-1024x682.jpg\" alt=\"\" width=\"1024\" height=\"682\" srcset=\"https:\/\/destinationindigenous.ca\/wp-content\/uploads\/2020\/03\/Kwanlin-Du\u0308n-Nation1-see-copy-for-credit-40-1024x682.jpg 1024w, https:\/\/destinationindigenous.ca\/wp-content\/uploads\/2020\/03\/Kwanlin-Du\u0308n-Nation1-see-copy-for-credit-40-300x200.jpg 300w, https:\/\/destinationindigenous.ca\/wp-content\/uploads\/2020\/03\/Kwanlin-Du\u0308n-Nation1-see-copy-for-credit-40-768x511.jpg 768w, https:\/\/destinationindigenous.ca\/wp-content\/uploads\/2020\/03\/Kwanlin-Du\u0308n-Nation1-see-copy-for-credit-40-1536x1022.jpg 1536w, https:\/\/destinationindigenous.ca\/wp-content\/uploads\/2020\/03\/Kwanlin-Du\u0308n-Nation1-see-copy-for-credit-40-2048x1363.jpg 2048w\" sizes=\"auto, (max-width: 1024px) 100vw, 1024px\" \/><\/a><\/p>\n<h2 class=\"p1\">Le centre culturel Kwanlin Du\u0308n<\/h2>\n<p class=\"p2\">O\u00f9 : Whitehorse, Yukon<br \/>\n\u00c0 ne pas manquer : Une visite culturelle en compagnie d\u2019un guide local<\/p>\n<p class=\"p3\">Rendez-vous au centre culturel Kwanlin Du\u0308n pour d\u00e9couvrir la culture et les traditions de la Premi\u00e8re Nation Kwanlin Du\u0308n. Explorez nos expositions, participez \u00e0 de magnifiques festivals, rencontrez nos talentueux artistes en r\u00e9sidence et visitez notre centre inspirant en compagnie d\u2019un guide de la nation Kwanlin Du\u0308n.<\/p>\n<p class=\"p4\"><a href=\"http:\/\/www.kdcc.ca\" target=\"_blank\" rel=\"noopener noreferrer\">www.KDCC.ca<\/a><\/p>\n<p><a href=\"https:\/\/destinationindigenous.ca\/wp-content\/uploads\/2020\/03\/DEN5_Gespeg-15-scaled.jpg\" data-rel=\"lightbox-image-12\" data-rl_title=\"DEN5_Gespeg-15\" data-rl_caption=\"\" title=\"DEN5_Gespeg-15\"><img loading=\"lazy\" decoding=\"async\" class=\"aligncenter size-large wp-image-7850\" src=\"https:\/\/destinationindigenous.ca\/wp-content\/uploads\/2020\/03\/DEN5_Gespeg-15-1024x683.jpg\" alt=\"\" width=\"1024\" height=\"683\" srcset=\"https:\/\/destinationindigenous.ca\/wp-content\/uploads\/2020\/03\/DEN5_Gespeg-15-1024x683.jpg 1024w, https:\/\/destinationindigenous.ca\/wp-content\/uploads\/2020\/03\/DEN5_Gespeg-15-300x200.jpg 300w, https:\/\/destinationindigenous.ca\/wp-content\/uploads\/2020\/03\/DEN5_Gespeg-15-768x512.jpg 768w, https:\/\/destinationindigenous.ca\/wp-content\/uploads\/2020\/03\/DEN5_Gespeg-15-1536x1024.jpg 1536w, https:\/\/destinationindigenous.ca\/wp-content\/uploads\/2020\/03\/DEN5_Gespeg-15-2048x1365.jpg 2048w\" sizes=\"auto, (max-width: 1024px) 100vw, 1024px\" \/><\/a><\/p>\n<h2 class=\"p1\">Le centre d\u2019interpr\u00e9tation micmac de Gespeg<\/h2>\n<p class=\"p2\">O\u00f9 : Gasp\u00e9, Qu\u00e9bec<br \/>\n\u00c0 ne pas manquer : L\u2019artisan en vous s\u2019exprime ! Participez \u00e0 l\u2019une de nos activit\u00e9s cr\u00e9atives telles que confectionner des capteurs de r\u00eaves, des bijoux en piquants de porc-\u00e9pic ou tisser des paniers en c\u00e8dre. Plongez dans la culture micmaque de Gespeg. Apprenez-en davantage sur la vie de nos anc\u00eatres lors d\u2019une visite guid\u00e9e au cours de laquelle vous remonterez dans le temps jusqu\u2019en 1675 pour comprendre comment ils ont v\u00e9cu au rythme des quatre saisons.<\/p>\n<p class=\"p4\"><a href=\"http:\/\/micmacgespeg.ca\" target=\"_blank\" rel=\"noopener noreferrer\">www.MicMacGespeg.ca<\/a><\/p>\n<p><a href=\"https:\/\/destinationindigenous.ca\/wp-content\/uploads\/2020\/03\/Musee-des-Abenakis-Credit-Francois-Pilon-17-scaled-1.jpg\" data-rel=\"lightbox-image-13\" data-rl_title=\"Musee-des-Abenakis-Credit-Francois-Pilon-17-scaled-1\" data-rl_caption=\"\" title=\"Musee-des-Abenakis-Credit-Francois-Pilon-17-scaled-1\"><img loading=\"lazy\" decoding=\"async\" class=\"aligncenter size-large wp-image-7843\" src=\"https:\/\/destinationindigenous.ca\/wp-content\/uploads\/2020\/03\/Muse\u0301e-des-Abe\u0301nakis-Credit-Francois-Pilon-17-1024x683.jpg\" alt=\"\" width=\"1024\" height=\"683\" srcset=\"https:\/\/destinationindigenous.ca\/wp-content\/uploads\/2020\/03\/Muse\u0301e-des-Abe\u0301nakis-Credit-Francois-Pilon-17-1024x683.jpg 1024w, https:\/\/destinationindigenous.ca\/wp-content\/uploads\/2020\/03\/Muse\u0301e-des-Abe\u0301nakis-Credit-Francois-Pilon-17-300x200.jpg 300w, https:\/\/destinationindigenous.ca\/wp-content\/uploads\/2020\/03\/Muse\u0301e-des-Abe\u0301nakis-Credit-Francois-Pilon-17-768x512.jpg 768w, https:\/\/destinationindigenous.ca\/wp-content\/uploads\/2020\/03\/Muse\u0301e-des-Abe\u0301nakis-Credit-Francois-Pilon-17-1536x1024.jpg 1536w, https:\/\/destinationindigenous.ca\/wp-content\/uploads\/2020\/03\/Muse\u0301e-des-Abe\u0301nakis-Credit-Francois-Pilon-17-2048x1365.jpg 2048w\" sizes=\"auto, (max-width: 1024px) 100vw, 1024px\" \/><\/a><\/p>\n<h2 class=\"p1\">Mus\u00e9e des Ab\u00e9nakis<\/h2>\n<p class=\"p2\">O\u00f9 : Odanak, Qu\u00e9bec<br \/>\n\u00c0 ne pas manquer : Visitez Kwigw8mna<\/p>\n<p class=\"p3\">D\u00e9couvrez Kwigw8mna qui signifie \u00ab notre maison \u00bb en ab\u00e9naki. Il s\u2019agit d\u2019un nouveau b\u00e2timent construit \u00e0 l\u2019image d\u2019une maison ab\u00e9nakise traditionnelle du 19<span class=\"s1\">\u00e8me <\/span>si\u00e8cle. C\u2019\u00e9tait une p\u00e9riode de grands changements pour notre nation o\u00f9 malgr\u00e9 la pression coloniale, nos connaissances, traditions et valeurs ont perdur\u00e9. Plongez au coeur de l\u2019univers des Ab\u00e9nakis dans ce lieu unique.<\/p>\n<p class=\"p4\"><a href=\"http:\/\/museedesabenakis.ca\" target=\"_blank\" rel=\"noopener noreferrer\">www.MuseeDesAbenakis.ca<\/a><\/p>\n","protected":false},"excerpt":{"rendered":"<p>Explorez un peu plus loin ! D\u00e9couvrez les diverses cultures autochtones au Canada. \u00c9coutez des chansons et des histoires autour d\u2019un feu. Cr\u00e9ez de l\u2019art unique et apprenez les techniques du Peuple des Porcs-\u00e9pics. Plongez votre pagaie dans la rivi\u00e8re, d\u00e9couvrez une tradition aussi ancienne que ciel et mer.<\/p>\n","protected":false},"author":6,"featured_media":7853,"comment_status":"closed","ping_status":"closed","sticky":false,"template":"","format":"standard","meta":[],"categories":[4],"tags":[],"class_list":["post-6855","post","type-post","status-publish","format-standard","has-post-thumbnail","hentry","category-non-classifiee","region-alberta-fr","region-colombie-britannique","region-ile-du-prince-edouard","region-ontario-fr","region-quebec-fr","the_post_type-blog-post","listing_sub_type-arts-artisanats-boutiques-souvenirs","listing_sub_type-centres-culturels","listing_sub_type-culture-heritage-fr","listing_sub_type-musees","listing_sub_type-sites-patrimoniaux","listing_sub_type-tours-culturels"],"yoast_head":"<!-- This site is optimized with the Yoast SEO Premium plugin v24.2 (Yoast SEO v24.2) - https:\/\/yoast.com\/wordpress\/plugins\/seo\/ -->\n<title>L\u2019art est une expression de la culture - Destination Autochtones<\/title>\n<meta name=\"description\" content=\"Explorez un peu plus loin ! D\u00e9couvrez les diverses cultures autochtones au Canada. \u00c9coutez des chansons et des histoires autour d\u2019un feu. Cr\u00e9ez de l\u2019art unique et apprenez les techniques du Peuple des Porcs-\u00e9pics. Plongez votre pagaie dans la rivi\u00e8re, d\u00e9couvrez une tradition aussi ancienne que ciel et mer.\" \/>\n<meta name=\"robots\" content=\"index, follow, max-snippet:-1, max-image-preview:large, max-video-preview:-1\" \/>\n<link rel=\"canonical\" href=\"https:\/\/destinationindigenous.ca\/fr\/blog\/lart-est-une-expression-de-la-culture\/\" \/>\n<meta property=\"og:locale\" content=\"fr_FR\" \/>\n<meta property=\"og:type\" content=\"article\" \/>\n<meta property=\"og:title\" content=\"L\u2019art est une expression de la culture\" \/>\n<meta property=\"og:description\" content=\"Explorez un peu plus loin ! D\u00e9couvrez les diverses cultures autochtones au Canada. \u00c9coutez des chansons et des histoires autour d\u2019un feu. Cr\u00e9ez de l\u2019art unique et apprenez les techniques du Peuple des Porcs-\u00e9pics. Plongez votre pagaie dans la rivi\u00e8re, d\u00e9couvrez une tradition aussi ancienne que ciel et mer.\" \/>\n<meta property=\"og:url\" content=\"https:\/\/destinationindigenous.ca\/fr\/blog\/lart-est-une-expression-de-la-culture\/\" \/>\n<meta property=\"og:site_name\" content=\"DI - Planificateur de s\u00e9jour\" \/>\n<meta property=\"article:published_time\" content=\"2020-02-14T18:11:40+00:00\" \/>\n<meta property=\"article:modified_time\" content=\"2020-12-10T23:13:45+00:00\" \/>\n<meta property=\"og:image\" content=\"https:\/\/destinationindigenous.ca\/wp-content\/uploads\/2020\/03\/Lou-extend-47-scaled.jpg\" \/>\n\t<meta property=\"og:image:width\" content=\"2560\" \/>\n\t<meta property=\"og:image:height\" content=\"1589\" \/>\n\t<meta property=\"og:image:type\" content=\"image\/jpeg\" \/>\n<meta name=\"author\" content=\"Nikki Bayley\" \/>\n<meta name=\"twitter:card\" content=\"summary_large_image\" \/>\n<meta name=\"twitter:label1\" content=\"\u00c9crit par\" \/>\n\t<meta name=\"twitter:data1\" content=\"Mme Nikki Bayley\" \/>\n\t<meta name=\"twitter:label2\" content=\"Dur\u00e9e de lecture estim\u00e9e\" \/>\n\t<meta name=\"twitter:data2\" content=\"9 minutes\" \/>\n<script type=\"application\/ld+json\" class=\"yoast-schema-graph\">{\"@context\":\"https:\/\/schema.org\",\"@graph\":[{\"@type\":\"Article\",\"@id\":\"https:\/\/destinationindigenous.ca\/fr\/blog\/lart-est-une-expression-de-la-culture\/#article\",\"isPartOf\":{\"@id\":\"https:\/\/destinationindigenous.ca\/fr\/blog\/lart-est-une-expression-de-la-culture\/\"},\"author\":{\"name\":\"Nikki Bayley\",\"@id\":\"https:\/\/destinationindigenous.ca\/fr\/#\/schema\/person\/77a5d4b4ef58f96cd1405d03f3d086bb\"},\"headline\":\"L\u2019art est une expression de la culture\",\"datePublished\":\"2020-02-14T18:11:40+00:00\",\"dateModified\":\"2020-12-10T23:13:45+00:00\",\"mainEntityOfPage\":{\"@id\":\"https:\/\/destinationindigenous.ca\/fr\/blog\/lart-est-une-expression-de-la-culture\/\"},\"wordCount\":1748,\"publisher\":{\"@id\":\"https:\/\/destinationindigenous.ca\/fr\/#organization\"},\"image\":{\"@id\":\"https:\/\/destinationindigenous.ca\/fr\/blog\/lart-est-une-expression-de-la-culture\/#primaryimage\"},\"thumbnailUrl\":\"https:\/\/destinationindigenous.ca\/wp-content\/uploads\/2020\/03\/Lou-extend-47-scaled.jpg\",\"articleSection\":[\"Non classifi\u00e9(e)\"],\"inLanguage\":\"fr-FR\"},{\"@type\":\"WebPage\",\"@id\":\"https:\/\/destinationindigenous.ca\/fr\/blog\/lart-est-une-expression-de-la-culture\/\",\"url\":\"https:\/\/destinationindigenous.ca\/fr\/blog\/lart-est-une-expression-de-la-culture\/\",\"name\":\"L\u2019art est une expression de la culture - Destination Autochtones\",\"isPartOf\":{\"@id\":\"https:\/\/destinationindigenous.ca\/fr\/#website\"},\"primaryImageOfPage\":{\"@id\":\"https:\/\/destinationindigenous.ca\/fr\/blog\/lart-est-une-expression-de-la-culture\/#primaryimage\"},\"image\":{\"@id\":\"https:\/\/destinationindigenous.ca\/fr\/blog\/lart-est-une-expression-de-la-culture\/#primaryimage\"},\"thumbnailUrl\":\"https:\/\/destinationindigenous.ca\/wp-content\/uploads\/2020\/03\/Lou-extend-47-scaled.jpg\",\"datePublished\":\"2020-02-14T18:11:40+00:00\",\"dateModified\":\"2020-12-10T23:13:45+00:00\",\"description\":\"Explorez un peu plus loin ! D\u00e9couvrez les diverses cultures autochtones au Canada. \u00c9coutez des chansons et des histoires autour d\u2019un feu. Cr\u00e9ez de l\u2019art unique et apprenez les techniques du Peuple des Porcs-\u00e9pics. Plongez votre pagaie dans la rivi\u00e8re, d\u00e9couvrez une tradition aussi ancienne que ciel et mer.\",\"breadcrumb\":{\"@id\":\"https:\/\/destinationindigenous.ca\/fr\/blog\/lart-est-une-expression-de-la-culture\/#breadcrumb\"},\"inLanguage\":\"fr-FR\",\"potentialAction\":[{\"@type\":\"ReadAction\",\"target\":[\"https:\/\/destinationindigenous.ca\/fr\/blog\/lart-est-une-expression-de-la-culture\/\"]}]},{\"@type\":\"ImageObject\",\"inLanguage\":\"fr-FR\",\"@id\":\"https:\/\/destinationindigenous.ca\/fr\/blog\/lart-est-une-expression-de-la-culture\/#primaryimage\",\"url\":\"https:\/\/destinationindigenous.ca\/wp-content\/uploads\/2020\/03\/Lou-extend-47-scaled.jpg\",\"contentUrl\":\"https:\/\/destinationindigenous.ca\/wp-content\/uploads\/2020\/03\/Lou-extend-47-scaled.jpg\",\"width\":2560,\"height\":1589,\"caption\":\"Destination Indigenous\"},{\"@type\":\"BreadcrumbList\",\"@id\":\"https:\/\/destinationindigenous.ca\/fr\/blog\/lart-est-une-expression-de-la-culture\/#breadcrumb\",\"itemListElement\":[{\"@type\":\"ListItem\",\"position\":1,\"name\":\"Home\",\"item\":\"https:\/\/destinationindigenous.ca\/fr\/\"},{\"@type\":\"ListItem\",\"position\":2,\"name\":\"L\u2019art est une expression de la culture\"}]},{\"@type\":\"WebSite\",\"@id\":\"https:\/\/destinationindigenous.ca\/fr\/#website\",\"url\":\"https:\/\/destinationindigenous.ca\/fr\/\",\"name\":\"DI - Planificateur de s\u00e9jour\",\"description\":\"Indigenous travel experiences from across Canada\",\"publisher\":{\"@id\":\"https:\/\/destinationindigenous.ca\/fr\/#organization\"},\"potentialAction\":[{\"@type\":\"SearchAction\",\"target\":{\"@type\":\"EntryPoint\",\"urlTemplate\":\"https:\/\/destinationindigenous.ca\/fr\/?s={search_term_string}\"},\"query-input\":{\"@type\":\"PropertyValueSpecification\",\"valueRequired\":true,\"valueName\":\"search_term_string\"}}],\"inLanguage\":\"fr-FR\"},{\"@type\":\"Organization\",\"@id\":\"https:\/\/destinationindigenous.ca\/fr\/#organization\",\"name\":\"Destination Indigenous\",\"url\":\"https:\/\/destinationindigenous.ca\/fr\/\",\"logo\":{\"@type\":\"ImageObject\",\"inLanguage\":\"fr-FR\",\"@id\":\"https:\/\/destinationindigenous.ca\/fr\/#\/schema\/logo\/image\/\",\"url\":\"https:\/\/destinationindigenous.ca\/wp-content\/uploads\/2022\/08\/di-logo-navbar@2x.png\",\"contentUrl\":\"https:\/\/destinationindigenous.ca\/wp-content\/uploads\/2022\/08\/di-logo-navbar@2x.png\",\"width\":960,\"height\":61,\"caption\":\"Destination Indigenous\"},\"image\":{\"@id\":\"https:\/\/destinationindigenous.ca\/fr\/#\/schema\/logo\/image\/\"}},{\"@type\":\"Person\",\"@id\":\"https:\/\/destinationindigenous.ca\/fr\/#\/schema\/person\/77a5d4b4ef58f96cd1405d03f3d086bb\",\"name\":\"Nikki Bayley\",\"description\":\"Nikki Bayley is an award winning international travel writer, and food and wine journalist. Originally from the UK, Nikki fell in love with Canada after a visit to Newfoundland in 2008 and moved to Vancouver in 2012. Nikki has been criss-crossing Canada ever since, learning more about the land and its peoples, and sharing their stories around the world.\",\"url\":\"https:\/\/destinationindigenous.ca\/fr\/blog\/author\/itac-nikki\/\"}]}<\/script>\n<!-- \/ Yoast SEO Premium plugin. -->","yoast_head_json":{"title":"L\u2019art est une expression de la culture - Destination Autochtones","description":"Explorez un peu plus loin ! D\u00e9couvrez les diverses cultures autochtones au Canada. \u00c9coutez des chansons et des histoires autour d\u2019un feu. Cr\u00e9ez de l\u2019art unique et apprenez les techniques du Peuple des Porcs-\u00e9pics. Plongez votre pagaie dans la rivi\u00e8re, d\u00e9couvrez une tradition aussi ancienne que ciel et mer.","robots":{"index":"index","follow":"follow","max-snippet":"max-snippet:-1","max-image-preview":"max-image-preview:large","max-video-preview":"max-video-preview:-1"},"canonical":"https:\/\/destinationindigenous.ca\/fr\/blog\/lart-est-une-expression-de-la-culture\/","og_locale":"fr_FR","og_type":"article","og_title":"L\u2019art est une expression de la culture","og_description":"Explorez un peu plus loin ! D\u00e9couvrez les diverses cultures autochtones au Canada. \u00c9coutez des chansons et des histoires autour d\u2019un feu. Cr\u00e9ez de l\u2019art unique et apprenez les techniques du Peuple des Porcs-\u00e9pics. Plongez votre pagaie dans la rivi\u00e8re, d\u00e9couvrez une tradition aussi ancienne que ciel et mer.","og_url":"https:\/\/destinationindigenous.ca\/fr\/blog\/lart-est-une-expression-de-la-culture\/","og_site_name":"DI - Planificateur de s\u00e9jour","article_published_time":"2020-02-14T18:11:40+00:00","article_modified_time":"2020-12-10T23:13:45+00:00","og_image":[{"width":2560,"height":1589,"url":"https:\/\/destinationindigenous.ca\/wp-content\/uploads\/2020\/03\/Lou-extend-47-scaled.jpg","type":"image\/jpeg"}],"author":"Nikki Bayley","twitter_card":"summary_large_image","twitter_misc":{"\u00c9crit par":"Mme Nikki Bayley","Dur\u00e9e de lecture estim\u00e9e":"9 minutes"},"schema":{"@context":"https:\/\/schema.org","@graph":[{"@type":"Article","@id":"https:\/\/destinationindigenous.ca\/fr\/blog\/lart-est-une-expression-de-la-culture\/#article","isPartOf":{"@id":"https:\/\/destinationindigenous.ca\/fr\/blog\/lart-est-une-expression-de-la-culture\/"},"author":{"name":"Nikki Bayley","@id":"https:\/\/destinationindigenous.ca\/fr\/#\/schema\/person\/77a5d4b4ef58f96cd1405d03f3d086bb"},"headline":"L\u2019art est une expression de la culture","datePublished":"2020-02-14T18:11:40+00:00","dateModified":"2020-12-10T23:13:45+00:00","mainEntityOfPage":{"@id":"https:\/\/destinationindigenous.ca\/fr\/blog\/lart-est-une-expression-de-la-culture\/"},"wordCount":1748,"publisher":{"@id":"https:\/\/destinationindigenous.ca\/fr\/#organization"},"image":{"@id":"https:\/\/destinationindigenous.ca\/fr\/blog\/lart-est-une-expression-de-la-culture\/#primaryimage"},"thumbnailUrl":"https:\/\/destinationindigenous.ca\/wp-content\/uploads\/2020\/03\/Lou-extend-47-scaled.jpg","articleSection":["Non classifi\u00e9(e)"],"inLanguage":"fr-FR"},{"@type":"WebPage","@id":"https:\/\/destinationindigenous.ca\/fr\/blog\/lart-est-une-expression-de-la-culture\/","url":"https:\/\/destinationindigenous.ca\/fr\/blog\/lart-est-une-expression-de-la-culture\/","name":"L\u2019art est une expression de la culture - Destination Autochtones","isPartOf":{"@id":"https:\/\/destinationindigenous.ca\/fr\/#website"},"primaryImageOfPage":{"@id":"https:\/\/destinationindigenous.ca\/fr\/blog\/lart-est-une-expression-de-la-culture\/#primaryimage"},"image":{"@id":"https:\/\/destinationindigenous.ca\/fr\/blog\/lart-est-une-expression-de-la-culture\/#primaryimage"},"thumbnailUrl":"https:\/\/destinationindigenous.ca\/wp-content\/uploads\/2020\/03\/Lou-extend-47-scaled.jpg","datePublished":"2020-02-14T18:11:40+00:00","dateModified":"2020-12-10T23:13:45+00:00","description":"Explorez un peu plus loin ! D\u00e9couvrez les diverses cultures autochtones au Canada. \u00c9coutez des chansons et des histoires autour d\u2019un feu. Cr\u00e9ez de l\u2019art unique et apprenez les techniques du Peuple des Porcs-\u00e9pics. Plongez votre pagaie dans la rivi\u00e8re, d\u00e9couvrez une tradition aussi ancienne que ciel et mer.","breadcrumb":{"@id":"https:\/\/destinationindigenous.ca\/fr\/blog\/lart-est-une-expression-de-la-culture\/#breadcrumb"},"inLanguage":"fr-FR","potentialAction":[{"@type":"ReadAction","target":["https:\/\/destinationindigenous.ca\/fr\/blog\/lart-est-une-expression-de-la-culture\/"]}]},{"@type":"ImageObject","inLanguage":"fr-FR","@id":"https:\/\/destinationindigenous.ca\/fr\/blog\/lart-est-une-expression-de-la-culture\/#primaryimage","url":"https:\/\/destinationindigenous.ca\/wp-content\/uploads\/2020\/03\/Lou-extend-47-scaled.jpg","contentUrl":"https:\/\/destinationindigenous.ca\/wp-content\/uploads\/2020\/03\/Lou-extend-47-scaled.jpg","width":2560,"height":1589,"caption":"Destination Indigenous"},{"@type":"BreadcrumbList","@id":"https:\/\/destinationindigenous.ca\/fr\/blog\/lart-est-une-expression-de-la-culture\/#breadcrumb","itemListElement":[{"@type":"ListItem","position":1,"name":"Home","item":"https:\/\/destinationindigenous.ca\/fr\/"},{"@type":"ListItem","position":2,"name":"L\u2019art est une expression de la culture"}]},{"@type":"WebSite","@id":"https:\/\/destinationindigenous.ca\/fr\/#website","url":"https:\/\/destinationindigenous.ca\/fr\/","name":"DI - Planificateur de s\u00e9jour","description":"Indigenous travel experiences from across Canada","publisher":{"@id":"https:\/\/destinationindigenous.ca\/fr\/#organization"},"potentialAction":[{"@type":"SearchAction","target":{"@type":"EntryPoint","urlTemplate":"https:\/\/destinationindigenous.ca\/fr\/?s={search_term_string}"},"query-input":{"@type":"PropertyValueSpecification","valueRequired":true,"valueName":"search_term_string"}}],"inLanguage":"fr-FR"},{"@type":"Organization","@id":"https:\/\/destinationindigenous.ca\/fr\/#organization","name":"Destination Indigenous","url":"https:\/\/destinationindigenous.ca\/fr\/","logo":{"@type":"ImageObject","inLanguage":"fr-FR","@id":"https:\/\/destinationindigenous.ca\/fr\/#\/schema\/logo\/image\/","url":"https:\/\/destinationindigenous.ca\/wp-content\/uploads\/2022\/08\/di-logo-navbar@2x.png","contentUrl":"https:\/\/destinationindigenous.ca\/wp-content\/uploads\/2022\/08\/di-logo-navbar@2x.png","width":960,"height":61,"caption":"Destination Indigenous"},"image":{"@id":"https:\/\/destinationindigenous.ca\/fr\/#\/schema\/logo\/image\/"}},{"@type":"Person","@id":"https:\/\/destinationindigenous.ca\/fr\/#\/schema\/person\/77a5d4b4ef58f96cd1405d03f3d086bb","name":"Nikki Bayley","description":"Nikki Bayley is an award winning international travel writer, and food and wine journalist. Originally from the UK, Nikki fell in love with Canada after a visit to Newfoundland in 2008 and moved to Vancouver in 2012. Nikki has been criss-crossing Canada ever since, learning more about the land and its peoples, and sharing their stories around the world.","url":"https:\/\/destinationindigenous.ca\/fr\/blog\/author\/itac-nikki\/"}]}},"_links":{"self":[{"href":"https:\/\/destinationindigenous.ca\/fr\/wp-json\/wp\/v2\/posts\/6855","targetHints":{"allow":["GET"]}}],"collection":[{"href":"https:\/\/destinationindigenous.ca\/fr\/wp-json\/wp\/v2\/posts"}],"about":[{"href":"https:\/\/destinationindigenous.ca\/fr\/wp-json\/wp\/v2\/types\/post"}],"author":[{"embeddable":true,"href":"https:\/\/destinationindigenous.ca\/fr\/wp-json\/wp\/v2\/users\/6"}],"replies":[{"embeddable":true,"href":"https:\/\/destinationindigenous.ca\/fr\/wp-json\/wp\/v2\/comments?post=6855"}],"version-history":[{"count":0,"href":"https:\/\/destinationindigenous.ca\/fr\/wp-json\/wp\/v2\/posts\/6855\/revisions"}],"wp:featuredmedia":[{"embeddable":true,"href":"https:\/\/destinationindigenous.ca\/fr\/wp-json\/wp\/v2\/media\/7853"}],"wp:attachment":[{"href":"https:\/\/destinationindigenous.ca\/fr\/wp-json\/wp\/v2\/media?parent=6855"}],"wp:term":[{"taxonomy":"category","embeddable":true,"href":"https:\/\/destinationindigenous.ca\/fr\/wp-json\/wp\/v2\/categories?post=6855"},{"taxonomy":"post_tag","embeddable":true,"href":"https:\/\/destinationindigenous.ca\/fr\/wp-json\/wp\/v2\/tags?post=6855"}],"curies":[{"name":"wp","href":"https:\/\/api.w.org\/{rel}","templated":true}]}}